{"id":8264,"date":"2025-06-10T11:23:19","date_gmt":"2025-06-10T14:23:19","guid":{"rendered":"https:\/\/lalupa24.com.ar\/?p=8264"},"modified":"2025-06-10T11:23:21","modified_gmt":"2025-06-10T14:23:21","slug":"diez-muertos-en-una-masacre-en-una-escuela-de-austria-la-policia-identifico-al-asesino-como-un-ex-estudiante-del-establecimiento","status":"publish","type":"post","link":"https:\/\/lalupa24.com.ar\/index.php\/2025\/06\/10\/diez-muertos-en-una-masacre-en-una-escuela-de-austria-la-policia-identifico-al-asesino-como-un-ex-estudiante-del-establecimiento\/","title":{"rendered":"Diez muertos en una masacre en una escuela de Austria: la Polic\u00eda identific\u00f3 al asesino como un ex estudiante del establecimiento"},"content":{"rendered":"\n<p>Un tiroteo en el centro de ense\u00f1anza secundaria BORG Dreiersch\u00fctzengasse en Graz, Austria, dej\u00f3 al menos <strong>diez personas fallecidas<\/strong>, incluyendo alumnos, adultos y el propio agresor, seg\u00fan confirm\u00f3 la alcaldesa Elke Kahr. Adem\u00e1s, hay <strong>12 heridos, dos de ellos en estado cr\u00edtico<\/strong>.<\/p>\n\n\n\n<p>El atacante fue identificado como un <strong>ex estudiante austr\u00edaco de 21 a\u00f1os<\/strong> que no hab\u00eda terminado la secundaria. Se cree que fue v\u00edctima de acoso escolar y, tras la masacre, <strong>se quit\u00f3 la vida<\/strong> en un ba\u00f1o de la escuela. Utiliz\u00f3 dos armas de su propiedad legal.<\/p>\n\n\n\n<p>La polic\u00eda recibi\u00f3 la alerta a las 10 de la ma\u00f1ana (hora local) y despleg\u00f3 unos 300 agentes para evacuar la escuela y asegurar la zona. Autoridades como el canciller Christian Stocker y el gobernador Mario Kunasek expresaron su conmoci\u00f3n, calificando el hecho como una &#8220;tragedia nacional&#8221;. Este incidente ocurre poco antes del d\u00e9cimo aniversario de otra masacre en Graz y, a pesar de la reputaci\u00f3n de Austria como un pa\u00eds seguro, subraya la vulnerabilidad ante este tipo de ataques. La Cruz Roja estima que unas 600 personas, entre heridos, testigos y familiares, necesitan atenci\u00f3n.<\/p>\n","protected":false},"excerpt":{"rendered":"<p>Un tiroteo en el centro de ense\u00f1anza secundaria BORG Dreiersch\u00fctzengasse en Graz, Austria, dej\u00f3 al menos diez personas fallecidas, incluyendo alumnos, adultos y el propio agresor, seg\u00fan confirm\u00f3 la alcaldesa Elke Kahr. Adem\u00e1s, hay 12 heridos, dos de ellos en estado cr\u00edtico. El atacante fue identificado como un ex estudiante austr\u00edaco de 21 a\u00f1os que [&hellip;]<\/p>\n","protected":false},"author":2,"featured_media":8265,"comment_status":"open","ping_status":"open","sticky":false,"template":"","format":"standard","meta":{"footnotes":""},"categories":[25],"tags":[],"class_list":{"0":"post-8264","1":"post","2":"type-post","3":"status-publish","4":"format-standard","5":"has-post-thumbnail","7":"category-internacionales"},"aioseo_notices":[],"_links":{"self":[{"href":"https:\/\/lalupa24.com.ar\/index.php\/wp-json\/wp\/v2\/posts\/8264","targetHints":{"allow":["GET"]}}],"collection":[{"href":"https:\/\/lalupa24.com.ar\/index.php\/wp-json\/wp\/v2\/posts"}],"about":[{"href":"https:\/\/lalupa24.com.ar\/index.php\/wp-json\/wp\/v2\/types\/post"}],"author":[{"embeddable":true,"href":"https:\/\/lalupa24.com.ar\/index.php\/wp-json\/wp\/v2\/users\/2"}],"replies":[{"embeddable":true,"href":"https:\/\/lalupa24.com.ar\/index.php\/wp-json\/wp\/v2\/comments?post=8264"}],"version-history":[{"count":1,"href":"https:\/\/lalupa24.com.ar\/index.php\/wp-json\/wp\/v2\/posts\/8264\/revisions"}],"predecessor-version":[{"id":8266,"href":"https:\/\/lalupa24.com.ar\/index.php\/wp-json\/wp\/v2\/posts\/8264\/revisions\/8266"}],"wp:featuredmedia":[{"embeddable":true,"href":"https:\/\/lalupa24.com.ar\/index.php\/wp-json\/wp\/v2\/media\/8265"}],"wp:attachment":[{"href":"https:\/\/lalupa24.com.ar\/index.php\/wp-json\/wp\/v2\/media?parent=8264"}],"wp:term":[{"taxonomy":"category","embeddable":true,"href":"https:\/\/lalupa24.com.ar\/index.php\/wp-json\/wp\/v2\/categories?post=8264"},{"taxonomy":"post_tag","embeddable":true,"href":"https:\/\/lalupa24.com.ar\/index.php\/wp-json\/wp\/v2\/tags?post=8264"}],"curies":[{"name":"wp","href":"https:\/\/api.w.org\/{rel}","templated":true}]}}