{"id":8276,"date":"2025-06-10T11:28:12","date_gmt":"2025-06-10T14:28:12","guid":{"rendered":"https:\/\/lalupa24.com.ar\/?p=8276"},"modified":"2025-06-10T11:28:14","modified_gmt":"2025-06-10T14:28:14","slug":"la-corte-se-reune-este-martes-y-un-informe-interno-recomienda-confirmar-la-condena-a-cristina-kirchner","status":"publish","type":"post","link":"https:\/\/lalupa24.com.ar\/index.php\/2025\/06\/10\/la-corte-se-reune-este-martes-y-un-informe-interno-recomienda-confirmar-la-condena-a-cristina-kirchner\/","title":{"rendered":"La Corte se re\u00fane este martes y un informe interno recomienda confirmar la condena a Cristina Kirchner"},"content":{"rendered":"\n<hr class=\"wp-block-separator has-alpha-channel-opacity\"\/>\n\n\n\n<h2 class=\"wp-block-heading\">Corte Suprema analiza confirmar condena a Cristina Kirchner en Causa Vialidad<\/h2>\n\n\n\n<hr class=\"wp-block-separator has-alpha-channel-opacity\"\/>\n\n\n\n<p>La <strong>Corte Suprema de Justicia de la Naci\u00f3n<\/strong> se encuentra cerca de definir el futuro judicial de la ex presidenta <strong>Cristina Kirchner<\/strong> en la <strong>Causa Vialidad<\/strong>.<sup><\/sup> Aunque la decisi\u00f3n no se tratar\u00e1 en el acuerdo de este martes debido a un viaje del juez Carlos Rosenkrantz, se espera que el tribunal se tome una semana m\u00e1s para trabajar en la sentencia.<\/p>\n\n\n\n<p>Una novedad clave es el <strong>informe interno del secretario penal de la Corte, Diego Seit\u00fan<\/strong>, quien ha propuesto <strong>rechazar todos los recursos presentados<\/strong> por los acusados y el fiscal, y en consecuencia, <strong>confirmar la condena de 6 a\u00f1os de prisi\u00f3n e inhabilitaci\u00f3n perpetua<\/strong> para ocupar cargos p\u00fablicos contra Cristina Kirchner. Este voluminoso informe, aunque no vinculante, servir\u00e1 como un insumo crucial para los jueces.<\/p>\n\n\n\n<p>La Corte, que actualmente cuenta con tres integrantes, est\u00e1 bajo una intensa presi\u00f3n medi\u00e1tica y pol\u00edtica. Fuentes judiciales indican que, m\u00e1s all\u00e1 de la propuesta de Seit\u00fan de resolver el caso mediante el art\u00edculo 280 del C\u00f3digo Procesal Penal (rechazando los recursos sin explicaciones detalladas), los magistrados est\u00e1n trabajando en un fallo con una <strong>fundamentaci\u00f3n m\u00e1s extensa<\/strong>.<\/p>\n\n\n\n<h3 class=\"wp-block-heading\">Los Condenados en la Causa Vialidad y su Situaci\u00f3n<\/h3>\n\n\n\n<p>La Causa Vialidad analiza el fallo de la C\u00e1mara Federal de Casaci\u00f3n Penal que confirm\u00f3 las condenas del Tribunal Oral Federal 2 (TOF 2) del 6 de diciembre de 2022.<sup><\/sup> El TOF 2 sentenci\u00f3 a ocho de los trece acusados por <strong>administraci\u00f3n fraudulenta en perjuicio de la administraci\u00f3n p\u00fablica<\/strong>.<\/p>\n\n\n\n<ul class=\"wp-block-list\">\n<li><strong>Cristina Kirchner<\/strong>: Condenada a <strong>seis a\u00f1os de c\u00e1rcel e inhabilitaci\u00f3n perpetua<\/strong> para ejercer cargos p\u00fablicos por administraci\u00f3n fraudulenta. Fue absuelta del delito de asociaci\u00f3n il\u00edcita.<\/li>\n\n\n\n<li><strong>L\u00e1zaro B\u00e1ez<\/strong>: El empresario de Austral Construcciones, condenado a <strong>seis a\u00f1os de prisi\u00f3n<\/strong> como part\u00edcipe necesario de administraci\u00f3n fraudulenta.<\/li>\n\n\n\n<li><strong>Jos\u00e9 L\u00f3pez<\/strong>: Ex secretario de Obras P\u00fablicas, sentenciado a <strong>seis a\u00f1os de c\u00e1rcel<\/strong>. Ya ten\u00eda condenas previas por enriquecimiento il\u00edcito.<\/li>\n\n\n\n<li><strong>Nelson Periotti<\/strong>: Ex titular de la Direcci\u00f3n Nacional de Vialidad (DNV), condenado a <strong>seis a\u00f1os de prisi\u00f3n<\/strong> como autor de administraci\u00f3n fraudulenta.<\/li>\n\n\n\n<li><strong>Julio De Vido<\/strong>: Ex ministro de Planificaci\u00f3n, fue <strong>absuelto<\/strong> de todos los cargos, y se espera que la Corte confirme esta absoluci\u00f3n. Ya hab\u00eda sido condenado en otras causas como la tragedia de Once.<\/li>\n\n\n\n<li><strong>Mauricio Collareda, Ra\u00fal Daruich, Ra\u00fal Pavesi, Jos\u00e9 Ra\u00fal Santib\u00e1\u00f1ez y Juan Carlos Villafa\u00f1e<\/strong>: Ex titulares de la Agencia de Vialidad Provincial de Santa Cruz (Distrito N\u00b023), fueron condenados por fraude al Estado.<\/li>\n\n\n\n<li><strong>H\u00e9ctor Garro y Abel Fatala<\/strong>: Absueltos.<\/li>\n\n\n\n<li><strong>Carlos Santiago Kirchner<\/strong>: Primo de N\u00e9stor Kirchner, sobrese\u00eddo por el delito de incumplimiento de los deberes de funcionario p\u00fablico.<\/li>\n<\/ul>\n\n\n\n<p>La Corte Suprema ha resuelto 24 recursos de queja a lo largo del proceso desde 2016. Ahora, tiene pendiente resolver 17 recursos de queja que cuestionan las condenas definitivas<\/p>\n","protected":false},"excerpt":{"rendered":"<p>Corte Suprema analiza confirmar condena a Cristina Kirchner en Causa Vialidad La Corte Suprema de Justicia de la Naci\u00f3n se encuentra cerca de definir el futuro judicial de la ex presidenta Cristina Kirchner en la Causa Vialidad. Aunque la decisi\u00f3n no se tratar\u00e1 en el acuerdo de este martes debido a un viaje del juez [&hellip;]<\/p>\n","protected":false},"author":2,"featured_media":8277,"comment_status":"open","ping_status":"open","sticky":false,"template":"","format":"standard","meta":{"footnotes":""},"categories":[26],"tags":[],"class_list":{"0":"post-8276","1":"post","2":"type-post","3":"status-publish","4":"format-standard","5":"has-post-thumbnail","7":"category-nacionales"},"aioseo_notices":[],"_links":{"self":[{"href":"https:\/\/lalupa24.com.ar\/index.php\/wp-json\/wp\/v2\/posts\/8276","targetHints":{"allow":["GET"]}}],"collection":[{"href":"https:\/\/lalupa24.com.ar\/index.php\/wp-json\/wp\/v2\/posts"}],"about":[{"href":"https:\/\/lalupa24.com.ar\/index.php\/wp-json\/wp\/v2\/types\/post"}],"author":[{"embeddable":true,"href":"https:\/\/lalupa24.com.ar\/index.php\/wp-json\/wp\/v2\/users\/2"}],"replies":[{"embeddable":true,"href":"https:\/\/lalupa24.com.ar\/index.php\/wp-json\/wp\/v2\/comments?post=8276"}],"version-history":[{"count":1,"href":"https:\/\/lalupa24.com.ar\/index.php\/wp-json\/wp\/v2\/posts\/8276\/revisions"}],"predecessor-version":[{"id":8278,"href":"https:\/\/lalupa24.com.ar\/index.php\/wp-json\/wp\/v2\/posts\/8276\/revisions\/8278"}],"wp:featuredmedia":[{"embeddable":true,"href":"https:\/\/lalupa24.com.ar\/index.php\/wp-json\/wp\/v2\/media\/8277"}],"wp:attachment":[{"href":"https:\/\/lalupa24.com.ar\/index.php\/wp-json\/wp\/v2\/media?parent=8276"}],"wp:term":[{"taxonomy":"category","embeddable":true,"href":"https:\/\/lalupa24.com.ar\/index.php\/wp-json\/wp\/v2\/categories?post=8276"},{"taxonomy":"post_tag","embeddable":true,"href":"https:\/\/lalupa24.com.ar\/index.php\/wp-json\/wp\/v2\/tags?post=8276"}],"curies":[{"name":"wp","href":"https:\/\/api.w.org\/{rel}","templated":true}]}}