{"id":8282,"date":"2025-06-10T11:38:14","date_gmt":"2025-06-10T14:38:14","guid":{"rendered":"https:\/\/lalupa24.com.ar\/?p=8282"},"modified":"2025-06-10T11:38:16","modified_gmt":"2025-06-10T14:38:16","slug":"muerte-al-socialismo-javier-milei-cerro-el-foro-economico-de-madrid-y-viajo-a-niza-para-reunirse-con-emmanuel-macron","status":"publish","type":"post","link":"https:\/\/lalupa24.com.ar\/index.php\/2025\/06\/10\/muerte-al-socialismo-javier-milei-cerro-el-foro-economico-de-madrid-y-viajo-a-niza-para-reunirse-con-emmanuel-macron\/","title":{"rendered":"\u201cMuerte al socialismo\u201d: Javier Milei cerr\u00f3 el Foro Econ\u00f3mico de Madrid y viaj\u00f3 a Niza para reunirse con Emmanuel Macron"},"content":{"rendered":"\n<p>El presidente argentino, <strong>Javier Milei<\/strong>, particip\u00f3 en el Foro Econ\u00f3mico de Madrid, donde pronunci\u00f3 un discurso euf\u00f3rico ante unas <strong>7.500 personas<\/strong>. Subi\u00f3 al escenario al ritmo de &#8220;Panic Show&#8221;, canci\u00f3n ic\u00f3nica de su campa\u00f1a, y reiter\u00f3 su lema: <strong>&#8220;Viva la libertad carajo. Muerte al socialismo.&#8221;<\/strong><\/p>\n\n\n\n<p>Durante su intervenci\u00f3n, Milei se refiri\u00f3 a sus <strong>logros econ\u00f3micos<\/strong> en Argentina, afirmando que lograron un ajuste fiscal del 5% en un mes sin ca\u00edda del PBI, e incluso con un crecimiento del 6%. En tono triunfalista, destac\u00f3 que la &#8220;motosierra&#8221; funcion\u00f3.<\/p>\n\n\n\n<p>En cuanto a la inflaci\u00f3n, Milei adelant\u00f3 que el \u00edndice de este mes podr\u00eda estar <strong>por debajo del 2%<\/strong> y prometi\u00f3 que <strong>&#8220;el a\u00f1o que viene la inflaci\u00f3n ser\u00e1 historia.&#8221;<\/strong> Tambi\u00e9n atribuy\u00f3 el aumento de su popularidad a la redistribuci\u00f3n de recursos a la gente, quit\u00e1ndolos de la &#8220;casta&#8221;.<\/p>\n\n\n\n<p>El presidente argentino tambi\u00e9n expres\u00f3 su apoyo a la ministra de Seguridad, Patricia Bullrich, repitiendo la frase <strong>&#8220;El que las hace, las paga.&#8221;<\/strong> Dirigi\u00e9ndose al p\u00fablico, que coreaba contra el presidente espa\u00f1ol Pedro S\u00e1nchez, Milei sentenci\u00f3: <strong>&#8220;Contra los socialistas de mierda, yo siempre voy a estar de su lado.&#8221;<\/strong><\/p>\n\n\n\n<hr class=\"wp-block-separator has-alpha-channel-opacity\"\/>\n\n\n\n<h3 class=\"wp-block-heading\">Agenda Internacional de Milei: Par\u00eds e Israel<\/h3>\n\n\n\n<hr class=\"wp-block-separator has-alpha-channel-opacity\"\/>\n\n\n\n<p>Tras su participaci\u00f3n en Espa\u00f1a, Javier Milei contin\u00faa su gira presidencial. Se reunir\u00e1 con el presidente franc\u00e9s, <strong>Emmanuel Macron<\/strong>, en Niza, enfoc\u00e1ndose en temas de inversi\u00f3n y el acuerdo entre la Uni\u00f3n Europea y el Mercosur. Posteriormente, viajar\u00e1 a <strong>Israel<\/strong> para una visita oficial de tres d\u00edas, donde ser\u00e1 recibido por el presidente Isaac Herzog y el primer ministro Benjam\u00edn Netanyahu.<\/p>\n","protected":false},"excerpt":{"rendered":"<p>El presidente argentino, Javier Milei, particip\u00f3 en el Foro Econ\u00f3mico de Madrid, donde pronunci\u00f3 un discurso euf\u00f3rico ante unas 7.500 personas. Subi\u00f3 al escenario al ritmo de &#8220;Panic Show&#8221;, canci\u00f3n ic\u00f3nica de su campa\u00f1a, y reiter\u00f3 su lema: &#8220;Viva la libertad carajo. Muerte al socialismo.&#8221; Durante su intervenci\u00f3n, Milei se refiri\u00f3 a sus logros econ\u00f3micos [&hellip;]<\/p>\n","protected":false},"author":2,"featured_media":8283,"comment_status":"open","ping_status":"open","sticky":false,"template":"","format":"standard","meta":{"footnotes":""},"categories":[25],"tags":[],"class_list":{"0":"post-8282","1":"post","2":"type-post","3":"status-publish","4":"format-standard","5":"has-post-thumbnail","7":"category-internacionales"},"aioseo_notices":[],"_links":{"self":[{"href":"https:\/\/lalupa24.com.ar\/index.php\/wp-json\/wp\/v2\/posts\/8282","targetHints":{"allow":["GET"]}}],"collection":[{"href":"https:\/\/lalupa24.com.ar\/index.php\/wp-json\/wp\/v2\/posts"}],"about":[{"href":"https:\/\/lalupa24.com.ar\/index.php\/wp-json\/wp\/v2\/types\/post"}],"author":[{"embeddable":true,"href":"https:\/\/lalupa24.com.ar\/index.php\/wp-json\/wp\/v2\/users\/2"}],"replies":[{"embeddable":true,"href":"https:\/\/lalupa24.com.ar\/index.php\/wp-json\/wp\/v2\/comments?post=8282"}],"version-history":[{"count":1,"href":"https:\/\/lalupa24.com.ar\/index.php\/wp-json\/wp\/v2\/posts\/8282\/revisions"}],"predecessor-version":[{"id":8284,"href":"https:\/\/lalupa24.com.ar\/index.php\/wp-json\/wp\/v2\/posts\/8282\/revisions\/8284"}],"wp:featuredmedia":[{"embeddable":true,"href":"https:\/\/lalupa24.com.ar\/index.php\/wp-json\/wp\/v2\/media\/8283"}],"wp:attachment":[{"href":"https:\/\/lalupa24.com.ar\/index.php\/wp-json\/wp\/v2\/media?parent=8282"}],"wp:term":[{"taxonomy":"category","embeddable":true,"href":"https:\/\/lalupa24.com.ar\/index.php\/wp-json\/wp\/v2\/categories?post=8282"},{"taxonomy":"post_tag","embeddable":true,"href":"https:\/\/lalupa24.com.ar\/index.php\/wp-json\/wp\/v2\/tags?post=8282"}],"curies":[{"name":"wp","href":"https:\/\/api.w.org\/{rel}","templated":true}]}}