{"id":8300,"date":"2025-06-10T11:52:28","date_gmt":"2025-06-10T14:52:28","guid":{"rendered":"https:\/\/lalupa24.com.ar\/?p=8300"},"modified":"2025-06-10T11:52:29","modified_gmt":"2025-06-10T14:52:29","slug":"tras-las-tensiones-con-el-gobierno-flybondi-sumara-a-un-nuevo-accionista-mayoritario-para-salir-de-la-crisis","status":"publish","type":"post","link":"https:\/\/lalupa24.com.ar\/index.php\/2025\/06\/10\/tras-las-tensiones-con-el-gobierno-flybondi-sumara-a-un-nuevo-accionista-mayoritario-para-salir-de-la-crisis\/","title":{"rendered":"Tras las tensiones con el Gobierno, Flybondi sumar\u00e1 a un nuevo accionista mayoritario para salir de la crisis"},"content":{"rendered":"\n<p>La aerol\u00ednea low-cost <strong>Flybondi<\/strong> anunciar\u00e1 pr\u00f3ximamente la llegada de un <strong>nuevo accionista mayoritario<\/strong> que tomar\u00e1 el control de la empresa. Esta decisi\u00f3n viene acompa\u00f1ada de la <strong>suspensi\u00f3n indefinida de sus planes de cotizar en el Nasdaq<\/strong>, proceso que hab\u00eda iniciado en 2023. Con estos movimientos, la compa\u00f1\u00eda busca superar una &#8220;compleja situaci\u00f3n&#8221; marcada por constantes cancelaciones de vuelos y una tensa relaci\u00f3n con los gobiernos nacional y provincial.<\/p>\n\n\n\n<h3 class=\"wp-block-heading\">B\u00fasqueda de capitales y el mensaje del CEO<\/h3>\n\n\n\n<p><strong>Mauricio Sana<\/strong>, CEO de Flybondi, comunic\u00f3 a los 1.600 empleados (conocidos como &#8220;flybondiers&#8221;) que, tras unos &#8220;\u00faltimos meses complejos para el negocio&#8221;, se inici\u00f3 una b\u00fasqueda de capitales que est\u00e1 &#8220;muy cerca de concretarse a trav\u00e9s de un nuevo accionista&#8221;. Este proceso llev\u00f3 a la pausa de la salida a Nasdaq.<\/p>\n\n\n\n<p>Se especula en el mercado aerocomercial que el nuevo accionista ser\u00e1 anunciado a corto plazo, tendr\u00e1 la mayor\u00eda necesaria para controlar la empresa y ser\u00e1 de origen extranjero. El actual accionista mayoritario, el fondo de inversi\u00f3n <strong>Cartesian Capital Group<\/strong>, continuar\u00e1 formando parte de la empresa.<\/p>\n\n\n\n<h3 class=\"wp-block-heading\">Problemas operativos y conflictos con el gobierno<\/h3>\n\n\n\n<p>Flybondi ha enfrentado serios problemas operativos que la llevaron a liderar los rankings de <strong>impuntualidad y cancelaciones<\/strong>. Seg\u00fan la consultora Adventus, entre enero y marzo de 2025, la aerol\u00ednea tuvo el peor desempe\u00f1o con un \u00edndice de 2.04 cancelaciones sobre el total de vuelos, triplicando a su competidor m\u00e1s cercano.<\/p>\n\n\n\n<p>A esto se suman <strong>fuertes conflictos con las autoridades<\/strong>. Durante las Fiestas de fin de a\u00f1o de 2024, Flybondi reprogram\u00f3 71 vuelos, afectando a 13.000 pasajeros. La Secretar\u00eda de Transporte lleg\u00f3 a emitir un ultim\u00e1tum a la aerol\u00ednea para que presentara un plan de funcionamiento y normalizara sus operaciones, llegando incluso a analizar la suspensi\u00f3n de sus actividades.<\/p>\n\n\n\n<p>En enero, el gobierno de la provincia de Buenos Aires impuso una <strong>multa de $300 millones<\/strong> a Flybondi por &#8220;infracciones a la Ley N\u00b0 24.240 de Defensa del Consumidor&#8221;, debido a 2.400 reclamos de usuarios por suspensiones y reprogramaciones de vuelos, dificultades de comunicaci\u00f3n y problemas para gestionar reintegros. Flybondi respondi\u00f3 a la multa con acciones judiciales, argumentando que la provincia carec\u00eda de competencia en el mercado aeron\u00e1utico.<\/p>\n\n\n\n<h3 class=\"wp-block-heading\">Estrategias de recuperaci\u00f3n<\/h3>\n\n\n\n<p>Para la recuperaci\u00f3n de sus negocios, Flybondi apuesta por la <strong>normalizaci\u00f3n de sus servicios<\/strong> y la posibilidad de ofrecer <strong>servicios a terceros<\/strong>, como el &#8220;handling&#8221; (servicio de rampa), gracias a la desregulaci\u00f3n de algunas actividades en el sector.<\/p>\n","protected":false},"excerpt":{"rendered":"<p>La aerol\u00ednea low-cost Flybondi anunciar\u00e1 pr\u00f3ximamente la llegada de un nuevo accionista mayoritario que tomar\u00e1 el control de la empresa. Esta decisi\u00f3n viene acompa\u00f1ada de la suspensi\u00f3n indefinida de sus planes de cotizar en el Nasdaq, proceso que hab\u00eda iniciado en 2023. Con estos movimientos, la compa\u00f1\u00eda busca superar una &#8220;compleja situaci\u00f3n&#8221; marcada por constantes [&hellip;]<\/p>\n","protected":false},"author":2,"featured_media":8301,"comment_status":"open","ping_status":"open","sticky":false,"template":"","format":"standard","meta":{"footnotes":""},"categories":[24],"tags":[],"class_list":{"0":"post-8300","1":"post","2":"type-post","3":"status-publish","4":"format-standard","5":"has-post-thumbnail","7":"category-economia"},"aioseo_notices":[],"_links":{"self":[{"href":"https:\/\/lalupa24.com.ar\/index.php\/wp-json\/wp\/v2\/posts\/8300","targetHints":{"allow":["GET"]}}],"collection":[{"href":"https:\/\/lalupa24.com.ar\/index.php\/wp-json\/wp\/v2\/posts"}],"about":[{"href":"https:\/\/lalupa24.com.ar\/index.php\/wp-json\/wp\/v2\/types\/post"}],"author":[{"embeddable":true,"href":"https:\/\/lalupa24.com.ar\/index.php\/wp-json\/wp\/v2\/users\/2"}],"replies":[{"embeddable":true,"href":"https:\/\/lalupa24.com.ar\/index.php\/wp-json\/wp\/v2\/comments?post=8300"}],"version-history":[{"count":1,"href":"https:\/\/lalupa24.com.ar\/index.php\/wp-json\/wp\/v2\/posts\/8300\/revisions"}],"predecessor-version":[{"id":8302,"href":"https:\/\/lalupa24.com.ar\/index.php\/wp-json\/wp\/v2\/posts\/8300\/revisions\/8302"}],"wp:featuredmedia":[{"embeddable":true,"href":"https:\/\/lalupa24.com.ar\/index.php\/wp-json\/wp\/v2\/media\/8301"}],"wp:attachment":[{"href":"https:\/\/lalupa24.com.ar\/index.php\/wp-json\/wp\/v2\/media?parent=8300"}],"wp:term":[{"taxonomy":"category","embeddable":true,"href":"https:\/\/lalupa24.com.ar\/index.php\/wp-json\/wp\/v2\/categories?post=8300"},{"taxonomy":"post_tag","embeddable":true,"href":"https:\/\/lalupa24.com.ar\/index.php\/wp-json\/wp\/v2\/tags?post=8300"}],"curies":[{"name":"wp","href":"https:\/\/api.w.org\/{rel}","templated":true}]}}