{"id":8349,"date":"2025-06-11T10:33:52","date_gmt":"2025-06-11T13:33:52","guid":{"rendered":"https:\/\/lalupa24.com.ar\/?p=8349"},"modified":"2025-06-11T10:33:54","modified_gmt":"2025-06-11T13:33:54","slug":"patricia-bullrich-define-el-lugar-donde-quedara-detenida-cristina-kirchner-que-opciones-se-evaluan-y-el-pedido-de-los-abogados","status":"publish","type":"post","link":"https:\/\/lalupa24.com.ar\/index.php\/2025\/06\/11\/patricia-bullrich-define-el-lugar-donde-quedara-detenida-cristina-kirchner-que-opciones-se-evaluan-y-el-pedido-de-los-abogados\/","title":{"rendered":"Patricia Bullrich define el lugar donde quedar\u00e1 detenida Cristina Kirchner: qu\u00e9 opciones se eval\u00faan y el pedido de los abogados"},"content":{"rendered":"\n<p>La jornada comenz\u00f3 muy temprano en el Ministerio de Seguridad Nacional que comanda Patricia\u00a0<strong>Bullrich<\/strong>, con reuniones que ten\u00edan como fin determinar cu\u00e1l es la dependencia de las fuerzas federales\u00a0<a href=\"https:\/\/www.infobae.com\/judiciales\/2025\/06\/11\/ex-presidenta-intento-de-homicidio-y-edad-por-que-cfk-pidio-la-domiciliaria-y-no-usar-tobillera-electronica\/\" target=\"_blank\" rel=\"noreferrer noopener\">donde deber\u00e1 quedar detenida<\/a>\u00a0-si es que no se le convalida la prisi\u00f3n domiciliaria-\u00a0<strong>Cristina Kirchner<\/strong>.<\/p>\n\n\n\n<p>Fue un pedido expl\u00edcito que realiz\u00f3 el juez del&nbsp;<strong>Tribunal Oral Federal 2 (TOF 2)<\/strong>&nbsp;Jorge Gorini ayer por la tarde a la ministra, solicit\u00e1ndole que decida \u201cuna dependencia de las fuerzas federales que cumpla con las condiciones adecuadas para el alojamiento de las personas nombradas\u201d. Es decir, la dos veces presidenta y los otros ocho condenados por la&nbsp;<strong>Causa Vialidad<\/strong>.<\/p>\n\n\n\n<p>Dado su comportamiento a derecho durante todo el proceso que llev\u00f3 la causa, es altamente probable que la Justicia convalide el pedido de prisi\u00f3n domiciliaria que formularon ayer los abogados de la exmandataria, Alberto Beraldi y Ary Llernovoy. Por lo pronto, Gorini le notific\u00f3 a Kirchner y a los dem\u00e1s condenados que\u00a0tienen cinco d\u00edas h\u00e1biles para presentarse en los tribunales de\u00a0<strong>Comodoro Py<\/strong>\u00a0para quedar detenidos.<\/p>\n\n\n\n<p>Cabe la posibilidad de que la convalidaci\u00f3n de la prisi\u00f3n domiciliaria no llegue a darse antes de que Cristina se presente para comenzar a cumplir su pena. De ser as\u00ed, la expresidenta deber\u00e1 permanecer ese per\u00edodo detenida en un establecimiento de las fuerzas federales.<\/p>\n","protected":false},"excerpt":{"rendered":"<p>La jornada comenz\u00f3 muy temprano en el Ministerio de Seguridad Nacional que comanda Patricia\u00a0Bullrich, con reuniones que ten\u00edan como fin determinar cu\u00e1l es la dependencia de las fuerzas federales\u00a0donde deber\u00e1 quedar detenida\u00a0-si es que no se le convalida la prisi\u00f3n domiciliaria-\u00a0Cristina Kirchner. Fue un pedido expl\u00edcito que realiz\u00f3 el juez del&nbsp;Tribunal Oral Federal 2 (TOF [&hellip;]<\/p>\n","protected":false},"author":2,"featured_media":8350,"comment_status":"open","ping_status":"open","sticky":false,"template":"","format":"standard","meta":{"footnotes":""},"categories":[26],"tags":[],"class_list":{"0":"post-8349","1":"post","2":"type-post","3":"status-publish","4":"format-standard","5":"has-post-thumbnail","7":"category-nacionales"},"aioseo_notices":[],"_links":{"self":[{"href":"https:\/\/lalupa24.com.ar\/index.php\/wp-json\/wp\/v2\/posts\/8349","targetHints":{"allow":["GET"]}}],"collection":[{"href":"https:\/\/lalupa24.com.ar\/index.php\/wp-json\/wp\/v2\/posts"}],"about":[{"href":"https:\/\/lalupa24.com.ar\/index.php\/wp-json\/wp\/v2\/types\/post"}],"author":[{"embeddable":true,"href":"https:\/\/lalupa24.com.ar\/index.php\/wp-json\/wp\/v2\/users\/2"}],"replies":[{"embeddable":true,"href":"https:\/\/lalupa24.com.ar\/index.php\/wp-json\/wp\/v2\/comments?post=8349"}],"version-history":[{"count":1,"href":"https:\/\/lalupa24.com.ar\/index.php\/wp-json\/wp\/v2\/posts\/8349\/revisions"}],"predecessor-version":[{"id":8351,"href":"https:\/\/lalupa24.com.ar\/index.php\/wp-json\/wp\/v2\/posts\/8349\/revisions\/8351"}],"wp:featuredmedia":[{"embeddable":true,"href":"https:\/\/lalupa24.com.ar\/index.php\/wp-json\/wp\/v2\/media\/8350"}],"wp:attachment":[{"href":"https:\/\/lalupa24.com.ar\/index.php\/wp-json\/wp\/v2\/media?parent=8349"}],"wp:term":[{"taxonomy":"category","embeddable":true,"href":"https:\/\/lalupa24.com.ar\/index.php\/wp-json\/wp\/v2\/categories?post=8349"},{"taxonomy":"post_tag","embeddable":true,"href":"https:\/\/lalupa24.com.ar\/index.php\/wp-json\/wp\/v2\/tags?post=8349"}],"curies":[{"name":"wp","href":"https:\/\/api.w.org\/{rel}","templated":true}]}}