{"id":8364,"date":"2025-06-11T10:38:34","date_gmt":"2025-06-11T13:38:34","guid":{"rendered":"https:\/\/lalupa24.com.ar\/?p=8364"},"modified":"2025-06-11T10:38:36","modified_gmt":"2025-06-11T13:38:36","slug":"cristina-kirchner-no-podra-continuar-como-presidenta-del-partido-justicialista","status":"publish","type":"post","link":"https:\/\/lalupa24.com.ar\/index.php\/2025\/06\/11\/cristina-kirchner-no-podra-continuar-como-presidenta-del-partido-justicialista\/","title":{"rendered":"Cristina Kirchner no podr\u00e1 continuar como presidenta del Partido Justicialista"},"content":{"rendered":"\n<p>Con la confirmaci\u00f3n de la condena en la causa Vialidad,\u00a0<strong>Cristina Kirchner no podr\u00e1 continuar como presidenta del Partido Justicialista (PJ) nacional.<\/strong>\u00a0Es porque la inhabilitaci\u00f3n perpetua para ejercer cargos p\u00fablicos -que recibi\u00f3 junto con la pena de seis a\u00f1os de prisi\u00f3n- implica que ser\u00e1 excluida del padr\u00f3n electoral y ese es uno de los requisitos que la ley de partidos pol\u00edticos establece para ejercer cargos partidarios.<\/p>\n\n\n\n<p>Fue en la sede del PJ nacional, en la calle Matheu, donde la ex presidenta recibi\u00f3 ayer el fallo de la Corte Suprema de Justicia de la Naci\u00f3n que confirm\u00f3 su condena.\u00a0<strong>\u201cAl cepo del salario del gobierno de Javier Milei, ahora el partido judicial le agrega el cepo al voto popular\u201d<\/strong>, dijo Cristina Kirchner en la puerta de la sede ante la militancia que la acompa\u00f1aba. La semana pasada hab\u00eda anunciado su candidatura a la legisladora de la provincia de Buenos Aires por la tercera secci\u00f3n electoral.<\/p>\n\n\n\n<p>Cristina Kirchner asumi\u00f3 como presidenta del PJ nacional el 11 de diciembre del a\u00f1o pasado. El lunes y ayer estuvo en la sede del partido en distintos encuentros con dirigentes y militantes que la acompa\u00f1aron en la previa del fallo de la Corte Suprema.<\/p>\n","protected":false},"excerpt":{"rendered":"<p>Con la confirmaci\u00f3n de la condena en la causa Vialidad,\u00a0Cristina Kirchner no podr\u00e1 continuar como presidenta del Partido Justicialista (PJ) nacional.\u00a0Es porque la inhabilitaci\u00f3n perpetua para ejercer cargos p\u00fablicos -que recibi\u00f3 junto con la pena de seis a\u00f1os de prisi\u00f3n- implica que ser\u00e1 excluida del padr\u00f3n electoral y ese es uno de los requisitos que [&hellip;]<\/p>\n","protected":false},"author":2,"featured_media":8365,"comment_status":"open","ping_status":"open","sticky":false,"template":"","format":"standard","meta":{"footnotes":""},"categories":[26],"tags":[],"class_list":{"0":"post-8364","1":"post","2":"type-post","3":"status-publish","4":"format-standard","5":"has-post-thumbnail","7":"category-nacionales"},"aioseo_notices":[],"_links":{"self":[{"href":"https:\/\/lalupa24.com.ar\/index.php\/wp-json\/wp\/v2\/posts\/8364","targetHints":{"allow":["GET"]}}],"collection":[{"href":"https:\/\/lalupa24.com.ar\/index.php\/wp-json\/wp\/v2\/posts"}],"about":[{"href":"https:\/\/lalupa24.com.ar\/index.php\/wp-json\/wp\/v2\/types\/post"}],"author":[{"embeddable":true,"href":"https:\/\/lalupa24.com.ar\/index.php\/wp-json\/wp\/v2\/users\/2"}],"replies":[{"embeddable":true,"href":"https:\/\/lalupa24.com.ar\/index.php\/wp-json\/wp\/v2\/comments?post=8364"}],"version-history":[{"count":1,"href":"https:\/\/lalupa24.com.ar\/index.php\/wp-json\/wp\/v2\/posts\/8364\/revisions"}],"predecessor-version":[{"id":8366,"href":"https:\/\/lalupa24.com.ar\/index.php\/wp-json\/wp\/v2\/posts\/8364\/revisions\/8366"}],"wp:featuredmedia":[{"embeddable":true,"href":"https:\/\/lalupa24.com.ar\/index.php\/wp-json\/wp\/v2\/media\/8365"}],"wp:attachment":[{"href":"https:\/\/lalupa24.com.ar\/index.php\/wp-json\/wp\/v2\/media?parent=8364"}],"wp:term":[{"taxonomy":"category","embeddable":true,"href":"https:\/\/lalupa24.com.ar\/index.php\/wp-json\/wp\/v2\/categories?post=8364"},{"taxonomy":"post_tag","embeddable":true,"href":"https:\/\/lalupa24.com.ar\/index.php\/wp-json\/wp\/v2\/tags?post=8364"}],"curies":[{"name":"wp","href":"https:\/\/api.w.org\/{rel}","templated":true}]}}