{"id":8370,"date":"2025-06-11T10:40:40","date_gmt":"2025-06-11T13:40:40","guid":{"rendered":"https:\/\/lalupa24.com.ar\/?p=8370"},"modified":"2025-06-11T10:40:42","modified_gmt":"2025-06-11T13:40:42","slug":"la-alcaldesa-de-los-angeles-declaro-el-toque-de-queda-en-el-centro-de-la-ciudad-tras-varias-noches-de-disturbios","status":"publish","type":"post","link":"https:\/\/lalupa24.com.ar\/index.php\/2025\/06\/11\/la-alcaldesa-de-los-angeles-declaro-el-toque-de-queda-en-el-centro-de-la-ciudad-tras-varias-noches-de-disturbios\/","title":{"rendered":"La alcaldesa de Los \u00c1ngeles declar\u00f3 el toque de queda en el centro de la ciudad tras varias noches de disturbios"},"content":{"rendered":"\n<p>La alcaldesa de Los \u00c1ngeles,\u00a0<strong>Karen Bass<\/strong>, declar\u00f3 este martes un\u00a0<strong>estado de emergencia local<\/strong>\u00a0y anunci\u00f3 la imposici\u00f3n de un<strong>\u00a0toque de queda nocturno<\/strong>\u00a0en el centro de la ciudad. La medida responde a varios d\u00edas consecutivos de disturbios, actos de vandalismo y saqueos registrados en el coraz\u00f3n de la segunda urbe m\u00e1s poblada de Estados Unidos. El anuncio fue realizado en una comparecencia ante la prensa, en la que Bass subray\u00f3 la necesidad de contener la violencia y restaurar el orden.<\/p>\n\n\n\n<p>\u201c<strong>He declarado un toque de queda a partir de esta noche a las 8 p. m. en el centro de Los \u00c1ngeles para detener a quienes se aprovechan de la ca\u00f3tica escalada del presidente<\/strong>\u201d, escribi\u00f3 Bass en su cuenta de X.<\/p>\n\n\n\n<p><strong>\u201cSi no vive ni trabaja en el centro de Los \u00c1ngeles, evite la zona. Las fuerzas del orden arrestar\u00e1n a quienes incumplan el toque de queda y ser\u00e1n procesados<\/strong>\u201d, a\u00f1adi\u00f3.<\/p>\n","protected":false},"excerpt":{"rendered":"<p>La alcaldesa de Los \u00c1ngeles,\u00a0Karen Bass, declar\u00f3 este martes un\u00a0estado de emergencia local\u00a0y anunci\u00f3 la imposici\u00f3n de un\u00a0toque de queda nocturno\u00a0en el centro de la ciudad. La medida responde a varios d\u00edas consecutivos de disturbios, actos de vandalismo y saqueos registrados en el coraz\u00f3n de la segunda urbe m\u00e1s poblada de Estados Unidos. El anuncio [&hellip;]<\/p>\n","protected":false},"author":2,"featured_media":8371,"comment_status":"open","ping_status":"open","sticky":false,"template":"","format":"standard","meta":{"footnotes":""},"categories":[25],"tags":[],"class_list":{"0":"post-8370","1":"post","2":"type-post","3":"status-publish","4":"format-standard","5":"has-post-thumbnail","7":"category-internacionales"},"aioseo_notices":[],"_links":{"self":[{"href":"https:\/\/lalupa24.com.ar\/index.php\/wp-json\/wp\/v2\/posts\/8370","targetHints":{"allow":["GET"]}}],"collection":[{"href":"https:\/\/lalupa24.com.ar\/index.php\/wp-json\/wp\/v2\/posts"}],"about":[{"href":"https:\/\/lalupa24.com.ar\/index.php\/wp-json\/wp\/v2\/types\/post"}],"author":[{"embeddable":true,"href":"https:\/\/lalupa24.com.ar\/index.php\/wp-json\/wp\/v2\/users\/2"}],"replies":[{"embeddable":true,"href":"https:\/\/lalupa24.com.ar\/index.php\/wp-json\/wp\/v2\/comments?post=8370"}],"version-history":[{"count":1,"href":"https:\/\/lalupa24.com.ar\/index.php\/wp-json\/wp\/v2\/posts\/8370\/revisions"}],"predecessor-version":[{"id":8372,"href":"https:\/\/lalupa24.com.ar\/index.php\/wp-json\/wp\/v2\/posts\/8370\/revisions\/8372"}],"wp:featuredmedia":[{"embeddable":true,"href":"https:\/\/lalupa24.com.ar\/index.php\/wp-json\/wp\/v2\/media\/8371"}],"wp:attachment":[{"href":"https:\/\/lalupa24.com.ar\/index.php\/wp-json\/wp\/v2\/media?parent=8370"}],"wp:term":[{"taxonomy":"category","embeddable":true,"href":"https:\/\/lalupa24.com.ar\/index.php\/wp-json\/wp\/v2\/categories?post=8370"},{"taxonomy":"post_tag","embeddable":true,"href":"https:\/\/lalupa24.com.ar\/index.php\/wp-json\/wp\/v2\/tags?post=8370"}],"curies":[{"name":"wp","href":"https:\/\/api.w.org\/{rel}","templated":true}]}}