{"id":8379,"date":"2025-06-11T10:43:42","date_gmt":"2025-06-11T13:43:42","guid":{"rendered":"https:\/\/lalupa24.com.ar\/?p=8379"},"modified":"2025-06-11T10:43:44","modified_gmt":"2025-06-11T13:43:44","slug":"milei-y-el-pro-celebraron-el-fallo-de-la-corte-mientras-el-peronismo-estallo-en-criticas","status":"publish","type":"post","link":"https:\/\/lalupa24.com.ar\/index.php\/2025\/06\/11\/milei-y-el-pro-celebraron-el-fallo-de-la-corte-mientras-el-peronismo-estallo-en-criticas\/","title":{"rendered":"Milei y el PRO celebraron el fallo de la Corte mientras el peronismo estall\u00f3 en cr\u00edticas"},"content":{"rendered":"\n<p>El universo pol\u00edtico reaccion\u00f3 ante el fallo que marc\u00f3 una bisagra en la historia argentina. El presidente Javier Milei celebr\u00f3 que la Corte Suprema de Justicia ratificara este martes la condena de prisi\u00f3n de Cristina Kirchner en la causa Vialidad, mientras que el peronismo en pleno y movimientos sindicales estallaron en cr\u00edticas y se mantienen en estado de movilizaci\u00f3n en distintos puntos del pa\u00eds.<\/p>\n\n\n\n<p>Fuera del pa\u00eds, Milei public\u00f3 un mensaje en la red social X donde aplaudi\u00f3 la decisi\u00f3n del M\u00e1ximo Tribunal y ratific\u00f3 que no exist\u00eda un \u201cpacto\u201d con Cristina para que pudiera ser candidata. \u201cJusticia. Fin. PD: la Rep\u00fablica funciona y todos los periodi$ta$ corrupto$, c\u00f3mplices de pol\u00edtico$ mentiro$o$, han quedado expuestos en sus opereta$ sobre el supuesto pacto de impunidad\u201d, escribi\u00f3 el presidente desde Israel, donde se encuentra de gira.<\/p>\n\n\n\n<p>El PRO de Mauricio Macri tambi\u00e9n elogi\u00f3 la determinaci\u00f3n de la Corte, aunque lo hizo con un escueto mensaje: \u201cSentencia confirmada, justicia demostrada\u201d.<\/p>\n\n\n\n<p>Cristina recibi\u00f3 la noticia que ya anticipaba en la hist\u00f3rica sede porte\u00f1a del Partido Justicialista, donde obtuvo el apoyo de senadores, diputados, gobernadores y dirigentes peronistas. El mandatario bonaerense Axel Kicillof, quien se encuentra en pleno acercamiento con la exmandataria, y el exministro de Econom\u00eda Sergio Massa, que se manten\u00eda en el ostracismo, sobresalieron entre las presencias.<\/p>\n\n\n\n<p>Los distintos pronunciamientos en defensa de Cristina se fueron conociendo horas antes del fallo, cuando el clima ya anticipaba un fallo adverso para la dos veces presidenta. \u201cDemocracia en peligro\u201d, \u201cproscripci\u00f3n\u201d y \u201cpersecuci\u00f3n\u201d fueron las advertencias m\u00e1s repetidas, mientras volv\u00eda a la memoria el antecedente de Lula Da Silva en Brasil, quien se comunic\u00f3 con Cristina para evaluar acciones internacionales.<\/p>\n\n\n\n<p>Por la ma\u00f1ana, Cristina le adelant\u00f3 al bloque de senadores de Uni\u00f3n por la Patria que la Corte dictar\u00eda este martes su condena. \u201cLa Justicia act\u00faa de forma acelerada para ver si la pueden sacar de la cancha porque tienen miedo que Cristina arrase en la provincia de Buenos Aires y sea la pr\u00f3xima presidenta\u201d, lament\u00f3 Jos\u00e9 Mayans, l\u00edder de la bancada.<\/p>\n\n\n\n<p>Otra referente del bloque de senadores, Juliana Di Tullio, tambi\u00e9n predijo el fallo: \u201cLo peor va a suceder, que es proscribir a la jefa de la oposici\u00f3n. Este es un fallo pol\u00edtico. Cristina hace muchos a\u00f1os que viene diciendo que el fallo est\u00e1 escrito. Simplemente ella sab\u00eda que iba a suceder hoy. Y la verdad es que todos sab\u00edamos que iba a suceder hoy porque lo fueron adelantando en los medios, que son los autores de este fallo\u201d.<\/p>\n\n\n\n<p>\u201cEsto es una verg\u00fcenza, es un esc\u00e1ndalo, ha terminado con el Estado de Derecho. Lo que est\u00e1n por hacer es una herida muy grande para nuestro pa\u00eds. La Argentina va a sufrir much\u00edsimo. Van a meter presa a una expresidenta que durante ocho a\u00f1os le cambi\u00f3 la vida a este pa\u00eds con millones de argentinos que la aman\u201d, plante\u00f3 Di Tullio.<\/p>\n\n\n\n<p>El exministro Massa reapareci\u00f3 en la sede del PJ y rompi\u00f3 el silencio en la red social X, donde sostuvo que la causa Vialidad \u201cest\u00e1 plagada de irregularidades\u201d. El Frente renovador se\u00f1al\u00f3 en un comunicado que \u201cla judicializaci\u00f3n de la pol\u00edtica no puede reemplazar el funcionamiento pleno de la democracia en nuestra Rep\u00fablica\u201d.<\/p>\n\n\n\n<p>El fallo incluso fue repudiado por Alberto Fern\u00e1ndez, quien mantuvo una interna feroz con su vice. \u201cNunca me call\u00e9 ante las injusticias y sigo fiel a mis convicciones. En un Estado de Derecho, los opositores no se persiguen judicialmente, se los juzga conforme a la ley. Algo que no ha ocurrido con CFK\u201d, plante\u00f3 el exmandatario.<\/p>\n\n\n\n<p>Sum\u00f3 su apoyo a Cristina el exgobernador salte\u00f1o Juan Manuel Urtubey, otro dirigente peronista que se manten\u00eda en silencio, quien denunci\u00f3 un \u201clinchamiento\u201d y \u201cun disparate jur\u00eddico con tufillo a proscripci\u00f3n\u201d.<\/p>\n\n\n\n<p>En el plano sindical, la CGT emiti\u00f3 un comunicado donde alert\u00f3 que \u201cla democracia est\u00e1 en peligro\u201d y expres\u00f3 su \u201csolidaridad y apoyo incondicional\u201d a Cristina. \u201cEn v\u00edsperas de una nueva elecci\u00f3n, cualquier fallo que ponga en cuesti\u00f3n las reglas democr\u00e1ticas no hace m\u00e1s que alterar el normal funcionamiento institucional de la Naci\u00f3n\u201d, asever\u00f3 la central obrera.<\/p>\n\n\n\n<p>La CTA de los Trabajadores y la Aut\u00f3noma unificaron tambi\u00e9n un pronunciamiento. Denunciaron que la Corte \u201cfue llamada a ejecutar una orden de los poderes f\u00e1cticos para proscribir y encarcelar a Cristina Kirchner\u201d. Tambi\u00e9n rechaz\u00f3 el fallo la Confederaci\u00f3n Argentina de Trabajadores del Transporte (CATT), entre otros.<\/p>\n\n\n\n<h3 class=\"wp-block-heading\">Satisfacci\u00f3n de la Coalici\u00f3n C\u00edvica<\/h3>\n\n\n\n<p>La Coalici\u00f3n C\u00edvica recibi\u00f3 con satisfacci\u00f3n el fallo. Cabe recordar que la primera denuncia por direccionamiento de la obra p\u00fablica fue realizada en 2008 por Elisa Carri\u00f3 y otros dirigentes del partido, hasta que en 2016 se sum\u00f3 otra de Javier Iguacel, responsable de la Direcci\u00f3n Nacional de Vialidad durante el macrismo.<\/p>\n\n\n\n<p>\u201cEs corrupci\u00f3n o justicia. Con esas palabras (el fiscal Diego) Luciani describi\u00f3 una lucha de muchos a\u00f1os, cuando Lilita me pidi\u00f3 redactar juntas la denuncia\u201d, rememor\u00f3 la diputada Paula Oliveto, y agreg\u00f3: \u201cFueron a\u00f1os dif\u00edciles para los argentinos y para nuestras familias. Solo pedimos justicia y que devuelvan lo robado\u201d.<\/p>\n\n\n\n<p>El presidente del partido, el diputado Maximiliano Ferraro, enfatiz\u00f3: \u201cEste fallo no es revancha ni persecuci\u00f3n, es Justicia. Y es tambi\u00e9n un mensaje, para el presente y para el futuro, para los que gobiernan hoy y para los que aspiran a gobernar ma\u00f1ana: la corrupci\u00f3n tiene consecuencias y la impunidad es una ilusi\u00f3n de la soberbia de los poderosos\u201d.<\/p>\n","protected":false},"excerpt":{"rendered":"<p>El universo pol\u00edtico reaccion\u00f3 ante el fallo que marc\u00f3 una bisagra en la historia argentina. El presidente Javier Milei celebr\u00f3 que la Corte Suprema de Justicia ratificara este martes la condena de prisi\u00f3n de Cristina Kirchner en la causa Vialidad, mientras que el peronismo en pleno y movimientos sindicales estallaron en cr\u00edticas y se mantienen [&hellip;]<\/p>\n","protected":false},"author":2,"featured_media":8380,"comment_status":"open","ping_status":"open","sticky":false,"template":"","format":"standard","meta":{"footnotes":""},"categories":[26],"tags":[],"class_list":{"0":"post-8379","1":"post","2":"type-post","3":"status-publish","4":"format-standard","5":"has-post-thumbnail","7":"category-nacionales"},"aioseo_notices":[],"_links":{"self":[{"href":"https:\/\/lalupa24.com.ar\/index.php\/wp-json\/wp\/v2\/posts\/8379","targetHints":{"allow":["GET"]}}],"collection":[{"href":"https:\/\/lalupa24.com.ar\/index.php\/wp-json\/wp\/v2\/posts"}],"about":[{"href":"https:\/\/lalupa24.com.ar\/index.php\/wp-json\/wp\/v2\/types\/post"}],"author":[{"embeddable":true,"href":"https:\/\/lalupa24.com.ar\/index.php\/wp-json\/wp\/v2\/users\/2"}],"replies":[{"embeddable":true,"href":"https:\/\/lalupa24.com.ar\/index.php\/wp-json\/wp\/v2\/comments?post=8379"}],"version-history":[{"count":1,"href":"https:\/\/lalupa24.com.ar\/index.php\/wp-json\/wp\/v2\/posts\/8379\/revisions"}],"predecessor-version":[{"id":8381,"href":"https:\/\/lalupa24.com.ar\/index.php\/wp-json\/wp\/v2\/posts\/8379\/revisions\/8381"}],"wp:featuredmedia":[{"embeddable":true,"href":"https:\/\/lalupa24.com.ar\/index.php\/wp-json\/wp\/v2\/media\/8380"}],"wp:attachment":[{"href":"https:\/\/lalupa24.com.ar\/index.php\/wp-json\/wp\/v2\/media?parent=8379"}],"wp:term":[{"taxonomy":"category","embeddable":true,"href":"https:\/\/lalupa24.com.ar\/index.php\/wp-json\/wp\/v2\/categories?post=8379"},{"taxonomy":"post_tag","embeddable":true,"href":"https:\/\/lalupa24.com.ar\/index.php\/wp-json\/wp\/v2\/tags?post=8379"}],"curies":[{"name":"wp","href":"https:\/\/api.w.org\/{rel}","templated":true}]}}