{"id":838,"date":"2024-04-02T21:09:52","date_gmt":"2024-04-03T00:09:52","guid":{"rendered":"https:\/\/lalupa24.com.ar\/?p=838"},"modified":"2024-04-02T21:09:53","modified_gmt":"2024-04-03T00:09:53","slug":"zdero-acompano-el-70-aniversario-de-villa-rio-bermejito","status":"publish","type":"post","link":"https:\/\/lalupa24.com.ar\/index.php\/2024\/04\/02\/zdero-acompano-el-70-aniversario-de-villa-rio-bermejito\/","title":{"rendered":"Zdero acompa\u00f1\u00f3 el 70 aniversario de Villa Rio Bermejito"},"content":{"rendered":"\n<p>El gobernador Leandro Zdero acompa\u00f1\u00f3, esta noche, el 70\u00b0 aniversario de la localidad de Villa R\u00edo Bermejito \u201cLa Perla del Impenetrable\u201d junto al intendente local, Omar Reis y a toda la comunidad. \u201cHace unos d\u00edas, el intendente me invit\u00f3 y s\u00ed, quer\u00edamos estar hoy junto a ustedes, no solamente como una muestra de afecto y de compromiso sino tambi\u00e9n reivindicando la historia propia de nuestro Chaco y la de esta localidad. Entre algunas distinciones, podemos mencionar a las instituciones educativas, a la Escuela 138 que adem\u00e1s de estar cumpliendo sus 70 a\u00f1os y a su directora, quien me expres\u00f3 reci\u00e9n con orgullo que tambi\u00e9n cumpli\u00f3 32 a\u00f1os como docente. De eso se trata, de recuperar la pertenencia al pueblo y reconocer el esfuerzo a la tarea que llevan adelante sus habitantes\u201d- manifest\u00f3 el mandatario provincial.<\/p>\n\n\n\n<p>Durante el acto protocolar, se firm\u00f3 un convenio compromiso, por parte del gobierno provincial y el intendente Omar Reis, para la pavimentaci\u00f3n de 12 cuadras, ripios y la continuidad de obras en las escuelas, en la terminal y refacciones en la plaza de la localidad. Por otra parte, se entregaron reconocimientos a la Escuela Primaria 138 y al Jard\u00edn 71; como as\u00ed tambi\u00e9n a familiares de ex combatientes, en v\u00edsperas al acto central del 2 de abril, previsto para ma\u00f1ana en Presidencia de la Plaza. Posteriormente se le otorg\u00f3 una menci\u00f3n a la sra. Mar\u00eda Ruiz, pobladora de la localidad y la declaraci\u00f3n de inter\u00e9s legislativo al Intendente Omar Reis por el nuevo aniversario de Villa R\u00edo Bermejito. Por \u00faltimo, el gobernador Zdero tambi\u00e9n recibi\u00f3 algunos presentes, por parte de escultores locales y empleados de la municipalidad, como gesto de agradecimiento a su acompa\u00f1amiento en este acto.<\/p>\n\n\n\n<p>OMAR REIS: \u201cEL GOBERNADOR NOS TRAJO OBRAS PARA NUESTRO PUEBLO, QUE ESTABAN PARADAS HACE VARIOS A\u00d1OS\u201d<\/p>\n\n\n\n<p>\u201cAgradecerle a cada uno, por tomarse su tiempo y por venir a compartir con nosotros este d\u00eda especial; vamos a trabajar todos juntos para lograr esos cambios y esas transformaciones que tanto queremos. Hoy el gobernador, nos trajo importantes obras para nuestro pueblo, que estaban paradas hace varios a\u00f1os; sin embargo, ya comenzamos a tener respuestas como lo es tambi\u00e9n, un veh\u00edculo m\u00e1s, de los recuperados por esta gesti\u00f3n, que ser\u00e1 de mucha ayuda para toda la comunidad. Solo digo gracias, gracias por todo, por estar presentes&#8221; &#8211; concluy\u00f3 muy emocionado el Intendente Reis.<\/p>\n\n\n\n<p>Al finalizar el acto, se realiz\u00f3 un desfile con instituciones educativas, escuelas de Danzas y agrupaciones gauchescas locales de la zona.<\/p>\n\n\n\n<p>Acompa\u00f1aron al Gobernador, la ministra de Desarrollo Humano Carina Botteri; la subsecretaria de Municipios, Gabriela Galarza; el vicepresidente de Turismo, Mart\u00edn Poccard; Luis Castagno, vocal de APA; el administrador de Vialidad Provincial, Omar Canela; el subsecretario de Pueblos Originarios, Daniel Ramirez; subsecretario de Desarrollo Forestal Jorge Frank; el presidente de la Asociaci\u00f3n de Consorcios Camineros del Chaco, Julio Fant\u00edn; los diputados provinciales: Dorys Arkwright, Sebasti\u00e1n Lazzarini, Maida With y Andrea Charole; instituciones, agrupaciones gauchescas y vecinos de localidades cercanas<\/p>\n","protected":false},"excerpt":{"rendered":"<p>El gobernador Leandro Zdero acompa\u00f1\u00f3, esta noche, el 70\u00b0 aniversario de la localidad de Villa R\u00edo Bermejito \u201cLa Perla del Impenetrable\u201d junto al intendente local, Omar Reis y a toda la comunidad. \u201cHace unos d\u00edas, el intendente me invit\u00f3 y s\u00ed, quer\u00edamos estar hoy junto a ustedes, no solamente como una muestra de afecto y [&hellip;]<\/p>\n","protected":false},"author":2,"featured_media":839,"comment_status":"open","ping_status":"open","sticky":false,"template":"","format":"standard","meta":{"footnotes":""},"categories":[28],"tags":[],"class_list":{"0":"post-838","1":"post","2":"type-post","3":"status-publish","4":"format-standard","5":"has-post-thumbnail","7":"category-locales"},"aioseo_notices":[],"_links":{"self":[{"href":"https:\/\/lalupa24.com.ar\/index.php\/wp-json\/wp\/v2\/posts\/838","targetHints":{"allow":["GET"]}}],"collection":[{"href":"https:\/\/lalupa24.com.ar\/index.php\/wp-json\/wp\/v2\/posts"}],"about":[{"href":"https:\/\/lalupa24.com.ar\/index.php\/wp-json\/wp\/v2\/types\/post"}],"author":[{"embeddable":true,"href":"https:\/\/lalupa24.com.ar\/index.php\/wp-json\/wp\/v2\/users\/2"}],"replies":[{"embeddable":true,"href":"https:\/\/lalupa24.com.ar\/index.php\/wp-json\/wp\/v2\/comments?post=838"}],"version-history":[{"count":1,"href":"https:\/\/lalupa24.com.ar\/index.php\/wp-json\/wp\/v2\/posts\/838\/revisions"}],"predecessor-version":[{"id":840,"href":"https:\/\/lalupa24.com.ar\/index.php\/wp-json\/wp\/v2\/posts\/838\/revisions\/840"}],"wp:featuredmedia":[{"embeddable":true,"href":"https:\/\/lalupa24.com.ar\/index.php\/wp-json\/wp\/v2\/media\/839"}],"wp:attachment":[{"href":"https:\/\/lalupa24.com.ar\/index.php\/wp-json\/wp\/v2\/media?parent=838"}],"wp:term":[{"taxonomy":"category","embeddable":true,"href":"https:\/\/lalupa24.com.ar\/index.php\/wp-json\/wp\/v2\/categories?post=838"},{"taxonomy":"post_tag","embeddable":true,"href":"https:\/\/lalupa24.com.ar\/index.php\/wp-json\/wp\/v2\/tags?post=838"}],"curies":[{"name":"wp","href":"https:\/\/api.w.org\/{rel}","templated":true}]}}