{"id":8385,"date":"2025-06-11T10:45:44","date_gmt":"2025-06-11T13:45:44","guid":{"rendered":"https:\/\/lalupa24.com.ar\/?p=8385"},"modified":"2025-06-11T10:45:46","modified_gmt":"2025-06-11T13:45:46","slug":"paredes-se-va-de-vacaciones-y-en-boca-esperan-su-respuesta-para-despues-del-mundial-de-clubes","status":"publish","type":"post","link":"https:\/\/lalupa24.com.ar\/index.php\/2025\/06\/11\/paredes-se-va-de-vacaciones-y-en-boca-esperan-su-respuesta-para-despues-del-mundial-de-clubes\/","title":{"rendered":"Paredes se va de vacaciones y en Boca esperan su respuesta para despu\u00e9s del Mundial de Clubes"},"content":{"rendered":"\n<p>Como si a\u00fan tuviese que cumplir con una serie de tr\u00e1mites antes de\u00a0<strong>volver a ponerse la camiseta de Boca<\/strong>,\u00a0<strong>Leandro Paredes<\/strong>\u00a0tuvo anoche un partidazo ante Colombia\u00a0tras el cual entr\u00f3 en un per\u00edodo de vacaciones. El mediocampista de la Selecci\u00f3n Argentina\u00a0<strong>se ir\u00e1 junto a su familia a Miami ver el Mundial de Clubes como hincha<\/strong>\u00a0y luego, si todo sale bien, se convertir\u00e1 en jugador xeneize.\u00a0<\/p>\n\n\n\n<p>Ahora, la pelota la tiene bajo la suela el jugador, como tantas veces en sus ya 13 a\u00f1os de carrera. El mediocampista de 30 a\u00f1os (cumple 31 el 29 de junio)\u00a0<strong>ya\u00a0conoce la propuesta econ\u00f3mica que le acerc\u00f3 Juan Rom\u00e1n Riquelme<\/strong>\u00a0y deber\u00e1 definir si efectivamente es ahora el momento de pegar la vuelta, m\u00e1s de una d\u00e9cada despu\u00e9s.\u00a0<\/p>\n\n\n\n<p>El contrato que tiene sobre la mesa es de&nbsp;<strong>tres a\u00f1os y medio<\/strong>&nbsp;y con un&nbsp;<strong>salario similar al que percibe actualmente en Roma<\/strong>, que adem\u00e1s&nbsp;<strong>supera ampliamente al de Edinson Cavani<\/strong>, el jugador mejor pago del plantel. Las diferencias que hab\u00edan surgido en las negociaciones de principios de a\u00f1o desaparecieron y el acuerdo est\u00e1 m\u00e1s cerca que nunca.&nbsp;<\/p>\n\n\n\n<p>Actualmente, y luego de volver a mostrarse vigente y en gran nivel con la camiseta de la Selecci\u00f3n Argentina,&nbsp;<strong>Paredes comenz\u00f3 su per\u00edodo de descanso<\/strong>.&nbsp;<em>&#8220;Despu\u00e9s de una temporada muy larga arrancan nuestras merecidas vacaciones en familia&#8221;<\/em>; escribi\u00f3 en su cuenta oficial de Instagram. Despu\u00e9s de esto, ya no habr\u00eda m\u00e1s dilaciones,&nbsp;<strong>ser\u00e1 el momento de hablar con Rom\u00e1n y definir si vuelve a Boca o no<\/strong>.&nbsp;<\/p>\n","protected":false},"excerpt":{"rendered":"<p>Como si a\u00fan tuviese que cumplir con una serie de tr\u00e1mites antes de\u00a0volver a ponerse la camiseta de Boca,\u00a0Leandro Paredes\u00a0tuvo anoche un partidazo ante Colombia\u00a0tras el cual entr\u00f3 en un per\u00edodo de vacaciones. El mediocampista de la Selecci\u00f3n Argentina\u00a0se ir\u00e1 junto a su familia a Miami ver el Mundial de Clubes como hincha\u00a0y luego, si [&hellip;]<\/p>\n","protected":false},"author":2,"featured_media":8386,"comment_status":"open","ping_status":"open","sticky":false,"template":"","format":"standard","meta":{"footnotes":""},"categories":[100],"tags":[],"class_list":{"0":"post-8385","1":"post","2":"type-post","3":"status-publish","4":"format-standard","5":"has-post-thumbnail","7":"category-deportes"},"aioseo_notices":[],"_links":{"self":[{"href":"https:\/\/lalupa24.com.ar\/index.php\/wp-json\/wp\/v2\/posts\/8385","targetHints":{"allow":["GET"]}}],"collection":[{"href":"https:\/\/lalupa24.com.ar\/index.php\/wp-json\/wp\/v2\/posts"}],"about":[{"href":"https:\/\/lalupa24.com.ar\/index.php\/wp-json\/wp\/v2\/types\/post"}],"author":[{"embeddable":true,"href":"https:\/\/lalupa24.com.ar\/index.php\/wp-json\/wp\/v2\/users\/2"}],"replies":[{"embeddable":true,"href":"https:\/\/lalupa24.com.ar\/index.php\/wp-json\/wp\/v2\/comments?post=8385"}],"version-history":[{"count":1,"href":"https:\/\/lalupa24.com.ar\/index.php\/wp-json\/wp\/v2\/posts\/8385\/revisions"}],"predecessor-version":[{"id":8387,"href":"https:\/\/lalupa24.com.ar\/index.php\/wp-json\/wp\/v2\/posts\/8385\/revisions\/8387"}],"wp:featuredmedia":[{"embeddable":true,"href":"https:\/\/lalupa24.com.ar\/index.php\/wp-json\/wp\/v2\/media\/8386"}],"wp:attachment":[{"href":"https:\/\/lalupa24.com.ar\/index.php\/wp-json\/wp\/v2\/media?parent=8385"}],"wp:term":[{"taxonomy":"category","embeddable":true,"href":"https:\/\/lalupa24.com.ar\/index.php\/wp-json\/wp\/v2\/categories?post=8385"},{"taxonomy":"post_tag","embeddable":true,"href":"https:\/\/lalupa24.com.ar\/index.php\/wp-json\/wp\/v2\/tags?post=8385"}],"curies":[{"name":"wp","href":"https:\/\/api.w.org\/{rel}","templated":true}]}}