{"id":8412,"date":"2025-06-12T12:02:28","date_gmt":"2025-06-12T15:02:28","guid":{"rendered":"https:\/\/lalupa24.com.ar\/?p=8412"},"modified":"2025-06-12T12:02:30","modified_gmt":"2025-06-12T15:02:30","slug":"el-tribunal-no-adelantara-una-definicion-sobre-la-prision-domiciliaria-de-cristina-kirchner-y-alerto-a-migraciones-para-evitar-que-salga-del-pais","status":"publish","type":"post","link":"https:\/\/lalupa24.com.ar\/index.php\/2025\/06\/12\/el-tribunal-no-adelantara-una-definicion-sobre-la-prision-domiciliaria-de-cristina-kirchner-y-alerto-a-migraciones-para-evitar-que-salga-del-pais\/","title":{"rendered":"El Tribunal no adelantar\u00e1 una definici\u00f3n sobre la prisi\u00f3n domiciliaria de Cristina Kirchner y alert\u00f3 a Migraciones para evitar que salga del pa\u00eds."},"content":{"rendered":"\n<p><\/p>\n\n\n\n<p>El Tribunal Oral Federal 2 (TOF 2), integrado por los jueces\u00a0<strong>Jorge Gorini<\/strong>,\u00a0<strong>Rodrigo Gim\u00e9nez Uriburu y Andr\u00e9s Basso<\/strong>, definir\u00e1 a mediados de la semana pr\u00f3xima\u00a0<strong>si le concede el arresto domiciliario\u00a0<\/strong>a la ex presidenta Cristina Fern\u00e1ndez de Kirchner y a otros implicados en la causa Vialidad.<\/p>\n\n\n\n<p>La condena impuesta en esta causa&nbsp;<strong>fue ratificada el martes por la Corte Suprema&nbsp;<\/strong>de Justicia, al rechazar todas las apelaciones.<\/p>\n\n\n\n<p>Mientras la ex presidenta se encuentra en el departamento porte\u00f1o de la calle San Jos\u00e9, los abogados defensores solicitaron \u201cla suspensi\u00f3n de los efectos del fallo de la Corte Suprema hasta que se sustancie el pedido de arresto domiciliario\u201d, esto es,&nbsp;<strong>que no pueda ser detenida hasta que se haya resuelto&nbsp;<\/strong>si se le concede ese beneficio.<\/p>\n\n\n\n<p><strong>El TOF 2 tiene previsto mantener los cinco d\u00edas h\u00e1biles<\/strong>&nbsp;que dispuso para resolver sobre el caso, y con eso ser\u00eda suficiente para garantizar que no se va a producir un arresto inmediato, como solicitaron los fiscales&nbsp;<strong>Diego Luciani y Sergio Mola<\/strong>&nbsp;en dos oportunidades.<\/p>\n\n\n\n<h2 class=\"wp-block-heading\">\u00bfPor qu\u00e9 cinco d\u00edas?<\/h2>\n\n\n\n<p>El TOF 2 dispuso esta semana un plazo com\u00fan de cinco d\u00edas para que&nbsp;<strong>todos los condenados, 9 en total, se presenten ante el tribunal, sin excepci\u00f3n.<\/strong>&nbsp;Adem\u00e1s de la ex presidenta, est\u00e1n condenados L\u00e1zaro B\u00e1ez, Nelson Periotti, Jos\u00e9 L\u00f3pez, Juan Carlos Villafa\u00f1e, Ra\u00fal Pavesi, Mauricio Collareda, Jos\u00e9 Santib\u00e1\u00f1ez y Ra\u00fal Daruich.<\/p>\n","protected":false},"excerpt":{"rendered":"<p>El Tribunal Oral Federal 2 (TOF 2), integrado por los jueces\u00a0Jorge Gorini,\u00a0Rodrigo Gim\u00e9nez Uriburu y Andr\u00e9s Basso, definir\u00e1 a mediados de la semana pr\u00f3xima\u00a0si le concede el arresto domiciliario\u00a0a la ex presidenta Cristina Fern\u00e1ndez de Kirchner y a otros implicados en la causa Vialidad. La condena impuesta en esta causa&nbsp;fue ratificada el martes por la [&hellip;]<\/p>\n","protected":false},"author":2,"featured_media":8413,"comment_status":"open","ping_status":"open","sticky":false,"template":"","format":"standard","meta":{"footnotes":""},"categories":[26],"tags":[],"class_list":{"0":"post-8412","1":"post","2":"type-post","3":"status-publish","4":"format-standard","5":"has-post-thumbnail","7":"category-nacionales"},"aioseo_notices":[],"_links":{"self":[{"href":"https:\/\/lalupa24.com.ar\/index.php\/wp-json\/wp\/v2\/posts\/8412","targetHints":{"allow":["GET"]}}],"collection":[{"href":"https:\/\/lalupa24.com.ar\/index.php\/wp-json\/wp\/v2\/posts"}],"about":[{"href":"https:\/\/lalupa24.com.ar\/index.php\/wp-json\/wp\/v2\/types\/post"}],"author":[{"embeddable":true,"href":"https:\/\/lalupa24.com.ar\/index.php\/wp-json\/wp\/v2\/users\/2"}],"replies":[{"embeddable":true,"href":"https:\/\/lalupa24.com.ar\/index.php\/wp-json\/wp\/v2\/comments?post=8412"}],"version-history":[{"count":1,"href":"https:\/\/lalupa24.com.ar\/index.php\/wp-json\/wp\/v2\/posts\/8412\/revisions"}],"predecessor-version":[{"id":8414,"href":"https:\/\/lalupa24.com.ar\/index.php\/wp-json\/wp\/v2\/posts\/8412\/revisions\/8414"}],"wp:featuredmedia":[{"embeddable":true,"href":"https:\/\/lalupa24.com.ar\/index.php\/wp-json\/wp\/v2\/media\/8413"}],"wp:attachment":[{"href":"https:\/\/lalupa24.com.ar\/index.php\/wp-json\/wp\/v2\/media?parent=8412"}],"wp:term":[{"taxonomy":"category","embeddable":true,"href":"https:\/\/lalupa24.com.ar\/index.php\/wp-json\/wp\/v2\/categories?post=8412"},{"taxonomy":"post_tag","embeddable":true,"href":"https:\/\/lalupa24.com.ar\/index.php\/wp-json\/wp\/v2\/tags?post=8412"}],"curies":[{"name":"wp","href":"https:\/\/api.w.org\/{rel}","templated":true}]}}