{"id":8421,"date":"2025-06-12T12:04:21","date_gmt":"2025-06-12T15:04:21","guid":{"rendered":"https:\/\/lalupa24.com.ar\/?p=8421"},"modified":"2025-06-12T12:04:23","modified_gmt":"2025-06-12T15:04:23","slug":"en-su-ultimo-dia-en-israel-milei-recibio-el-premio-nobel-judio-por-su-lucha-contra-el-terrorismo-internacional","status":"publish","type":"post","link":"https:\/\/lalupa24.com.ar\/index.php\/2025\/06\/12\/en-su-ultimo-dia-en-israel-milei-recibio-el-premio-nobel-judio-por-su-lucha-contra-el-terrorismo-internacional\/","title":{"rendered":"En su \u00faltimo d\u00eda en Israel, Milei recibi\u00f3 el premio Nobel Jud\u00edo por su lucha contra el terrorismo internacional"},"content":{"rendered":"\n<p>(Desde Jerusal\u00e9n, Israel) En el&nbsp;<em>Museo de la Tolerancia<\/em>,<strong>&nbsp;Javier Milei&nbsp;<\/strong>recibi\u00f3 hoy el&nbsp;<strong>Premio Nobel Judio<\/strong>&nbsp;que le entreg\u00f3 la prestigiosa&nbsp;<strong>fundaci\u00f3n Genesis Prize<\/strong>. Es la primera vezque este galard\u00f3n&nbsp;<strong>se concede&nbsp;<\/strong>a un jefe de Estado.<\/p>\n\n\n\n<p>Se trata de una distinci\u00f3n que ya fue recibida por&nbsp;<strong>Michael Bloomberg,&nbsp;<\/strong>Barbara Streisand, Ruth Bader Ginsburg,&nbsp;<strong>Steven Spielberg&nbsp;<\/strong>y Natalie Portman.<\/p>\n\n\n\n<p>Milei lleg\u00f3 a la ceremonia junto a&nbsp;<strong>Karina Milei&nbsp;<\/strong>-secretaria General de la Presidencia-&nbsp;<strong>Gerardo Werthein<\/strong>&nbsp;-canciller- y el embajador argentino en Israel,&nbsp;<strong>Axel Wahnish<\/strong>.<\/p>\n\n\n\n<p><a href=\"https:\/\/www.infobae.com\/politica\/2025\/06\/12\/en-su-ultimo-dia-en-israel-milei-recibe-el-premio-nobel-judio-y-firma-el-memorando-por-la-democracia-y-la-libertad-con-netanyahu\/\" target=\"_blank\" rel=\"noreferrer noopener\">Te puede interesar:<\/a><\/p>\n","protected":false},"excerpt":{"rendered":"<p>(Desde Jerusal\u00e9n, Israel) En el&nbsp;Museo de la Tolerancia,&nbsp;Javier Milei&nbsp;recibi\u00f3 hoy el&nbsp;Premio Nobel Judio&nbsp;que le entreg\u00f3 la prestigiosa&nbsp;fundaci\u00f3n Genesis Prize. Es la primera vezque este galard\u00f3n&nbsp;se concede&nbsp;a un jefe de Estado. Se trata de una distinci\u00f3n que ya fue recibida por&nbsp;Michael Bloomberg,&nbsp;Barbara Streisand, Ruth Bader Ginsburg,&nbsp;Steven Spielberg&nbsp;y Natalie Portman. Milei lleg\u00f3 a la ceremonia junto a&nbsp;Karina [&hellip;]<\/p>\n","protected":false},"author":2,"featured_media":8422,"comment_status":"open","ping_status":"open","sticky":false,"template":"","format":"standard","meta":{"footnotes":""},"categories":[26],"tags":[],"class_list":{"0":"post-8421","1":"post","2":"type-post","3":"status-publish","4":"format-standard","5":"has-post-thumbnail","7":"category-nacionales"},"aioseo_notices":[],"_links":{"self":[{"href":"https:\/\/lalupa24.com.ar\/index.php\/wp-json\/wp\/v2\/posts\/8421","targetHints":{"allow":["GET"]}}],"collection":[{"href":"https:\/\/lalupa24.com.ar\/index.php\/wp-json\/wp\/v2\/posts"}],"about":[{"href":"https:\/\/lalupa24.com.ar\/index.php\/wp-json\/wp\/v2\/types\/post"}],"author":[{"embeddable":true,"href":"https:\/\/lalupa24.com.ar\/index.php\/wp-json\/wp\/v2\/users\/2"}],"replies":[{"embeddable":true,"href":"https:\/\/lalupa24.com.ar\/index.php\/wp-json\/wp\/v2\/comments?post=8421"}],"version-history":[{"count":1,"href":"https:\/\/lalupa24.com.ar\/index.php\/wp-json\/wp\/v2\/posts\/8421\/revisions"}],"predecessor-version":[{"id":8423,"href":"https:\/\/lalupa24.com.ar\/index.php\/wp-json\/wp\/v2\/posts\/8421\/revisions\/8423"}],"wp:featuredmedia":[{"embeddable":true,"href":"https:\/\/lalupa24.com.ar\/index.php\/wp-json\/wp\/v2\/media\/8422"}],"wp:attachment":[{"href":"https:\/\/lalupa24.com.ar\/index.php\/wp-json\/wp\/v2\/media?parent=8421"}],"wp:term":[{"taxonomy":"category","embeddable":true,"href":"https:\/\/lalupa24.com.ar\/index.php\/wp-json\/wp\/v2\/categories?post=8421"},{"taxonomy":"post_tag","embeddable":true,"href":"https:\/\/lalupa24.com.ar\/index.php\/wp-json\/wp\/v2\/tags?post=8421"}],"curies":[{"name":"wp","href":"https:\/\/api.w.org\/{rel}","templated":true}]}}