{"id":8424,"date":"2025-06-12T12:06:20","date_gmt":"2025-06-12T15:06:20","guid":{"rendered":"https:\/\/lalupa24.com.ar\/?p=8424"},"modified":"2025-06-12T12:06:21","modified_gmt":"2025-06-12T15:06:21","slug":"el-piso-elegido-por-cfk-275-000-dolares-para-espiar-desde-el-balcon-y-banos-a-la-gorra-para-los-militantes","status":"publish","type":"post","link":"https:\/\/lalupa24.com.ar\/index.php\/2025\/06\/12\/el-piso-elegido-por-cfk-275-000-dolares-para-espiar-desde-el-balcon-y-banos-a-la-gorra-para-los-militantes\/","title":{"rendered":"El piso elegido por CFK: 275.000 d\u00f3lares para espiar desde el balc\u00f3n y ba\u00f1os a la gorra para los militantes"},"content":{"rendered":"\n<p>No es la primera vez que<strong>\u00a0el centro de la pol\u00edtica argentina es un balc\u00f3n<\/strong>. El m\u00e1s frecuente es el de la Casa Rosada. Desde all\u00ed le habl\u00f3 a la multitud\u00a0<strong>Juan Domingo Per\u00f3n el 17 de octubre de 1945<\/strong>, tras su liberaci\u00f3n el d\u00eda que se transformar\u00eda en la fundaci\u00f3n espont\u00e1nea del movimiento que se construir\u00eda alrededor de su figura y la de\u00a0<strong>Evita<\/strong>.<\/p>\n\n\n\n<p>Pero por estos d\u00edas el balc\u00f3n al que mira la pol\u00edtica -y la sociedad argentina- es otro: el del segundo piso de<strong>\u00a0San Jos\u00e9 1111, en el barrio de Constituci\u00f3n. All\u00ed vive la ex presidenta Cristina Fern\u00e1ndez de Kirchner<\/strong>\u00a0y all\u00ed solicit\u00f3 cumplir con los seis a\u00f1os de prisi\u00f3n a los que fue\u00a0<strong>condenada en la causa Vialidad<\/strong>, fallo que fue ratificado por la Corte Suprema este martes y que tambi\u00e9n la\u00a0<strong>inhabilita a perpetuidad para ejercer cargos p\u00fablicos<\/strong>.<\/p>\n","protected":false},"excerpt":{"rendered":"<p>No es la primera vez que\u00a0el centro de la pol\u00edtica argentina es un balc\u00f3n. El m\u00e1s frecuente es el de la Casa Rosada. Desde all\u00ed le habl\u00f3 a la multitud\u00a0Juan Domingo Per\u00f3n el 17 de octubre de 1945, tras su liberaci\u00f3n el d\u00eda que se transformar\u00eda en la fundaci\u00f3n espont\u00e1nea del movimiento que se construir\u00eda [&hellip;]<\/p>\n","protected":false},"author":2,"featured_media":8425,"comment_status":"open","ping_status":"open","sticky":false,"template":"","format":"standard","meta":{"footnotes":""},"categories":[26],"tags":[],"class_list":{"0":"post-8424","1":"post","2":"type-post","3":"status-publish","4":"format-standard","5":"has-post-thumbnail","7":"category-nacionales"},"aioseo_notices":[],"_links":{"self":[{"href":"https:\/\/lalupa24.com.ar\/index.php\/wp-json\/wp\/v2\/posts\/8424","targetHints":{"allow":["GET"]}}],"collection":[{"href":"https:\/\/lalupa24.com.ar\/index.php\/wp-json\/wp\/v2\/posts"}],"about":[{"href":"https:\/\/lalupa24.com.ar\/index.php\/wp-json\/wp\/v2\/types\/post"}],"author":[{"embeddable":true,"href":"https:\/\/lalupa24.com.ar\/index.php\/wp-json\/wp\/v2\/users\/2"}],"replies":[{"embeddable":true,"href":"https:\/\/lalupa24.com.ar\/index.php\/wp-json\/wp\/v2\/comments?post=8424"}],"version-history":[{"count":1,"href":"https:\/\/lalupa24.com.ar\/index.php\/wp-json\/wp\/v2\/posts\/8424\/revisions"}],"predecessor-version":[{"id":8426,"href":"https:\/\/lalupa24.com.ar\/index.php\/wp-json\/wp\/v2\/posts\/8424\/revisions\/8426"}],"wp:featuredmedia":[{"embeddable":true,"href":"https:\/\/lalupa24.com.ar\/index.php\/wp-json\/wp\/v2\/media\/8425"}],"wp:attachment":[{"href":"https:\/\/lalupa24.com.ar\/index.php\/wp-json\/wp\/v2\/media?parent=8424"}],"wp:term":[{"taxonomy":"category","embeddable":true,"href":"https:\/\/lalupa24.com.ar\/index.php\/wp-json\/wp\/v2\/categories?post=8424"},{"taxonomy":"post_tag","embeddable":true,"href":"https:\/\/lalupa24.com.ar\/index.php\/wp-json\/wp\/v2\/tags?post=8424"}],"curies":[{"name":"wp","href":"https:\/\/api.w.org\/{rel}","templated":true}]}}