{"id":8430,"date":"2025-06-12T12:11:17","date_gmt":"2025-06-12T15:11:17","guid":{"rendered":"https:\/\/lalupa24.com.ar\/?p=8430"},"modified":"2025-06-12T12:11:19","modified_gmt":"2025-06-12T15:11:19","slug":"cristina-no-se-va-a-fugar-como-hicieron-otros-que-estuvieron-tres-anos-en-uruguay-dijo-su-abogado","status":"publish","type":"post","link":"https:\/\/lalupa24.com.ar\/index.php\/2025\/06\/12\/cristina-no-se-va-a-fugar-como-hicieron-otros-que-estuvieron-tres-anos-en-uruguay-dijo-su-abogado\/","title":{"rendered":"\u201cCristina no se va a fugar como hicieron otros que estuvieron tres a\u00f1os en Uruguay\u201d, dijo su abogado"},"content":{"rendered":"\n<p><strong>Carlos Beraldi<\/strong>, abogado defensor de la expresidenta argentina Cristina Kirchner, se refiri\u00f3 a la situaci\u00f3n judicial que atraviesa su defendida, recientemente condenada a seis a\u00f1os de prisi\u00f3n por delitos de corrupci\u00f3n. En declaraciones televisivas, Beraldi asegur\u00f3 que la exmandataria \u201ctiene una condena a inhabilitaci\u00f3n y esa situaci\u00f3n es la que al d\u00eda de la fecha se mantiene y que impide que obviamente desempe\u00f1e cargos p\u00fablicos\u201d.<\/p>\n\n\n\n<p>Consultado sobre una posible presentaci\u00f3n ante la Corte Interamericana de Derechos Humanos, Beraldi neg\u00f3 que se trate de una cuesti\u00f3n pol\u00edtica: \u201cMire, este est\u00e1 muy equivocado. A la Corte Interamericana se recurre porque se violan garant\u00edas constitucionales y eso ampara a todas las personas\u201d. Adem\u00e1s, critic\u00f3 la postura de quienes \u201ccreen que porque ella es Cristina est\u00e1 fuera del marco de garant\u00edas y creen que la pueden tratar como un enemigo, lo que se llama el derecho penal del enemigo\u201d.<\/p>\n\n\n\n<p>El abogado explic\u00f3 que el proceso internacional contempla una denuncia inicial ante la Comisi\u00f3n Interamericana de Derechos Humanos, \u00f3rgano que eval\u00faa la admisibilidad del caso antes de que intervenga la Corte Interamericana: \u201cEl Pacto de San Jos\u00e9 de Costa Rica establece dos organismos. El primero es la Comisi\u00f3n Interamericana [&#8230;] y cuando estas denuncias se las declaran admisibles, entonces interviene [&#8230;] la Corte Interamericana\u201d.<\/p>\n","protected":false},"excerpt":{"rendered":"<p>Carlos Beraldi, abogado defensor de la expresidenta argentina Cristina Kirchner, se refiri\u00f3 a la situaci\u00f3n judicial que atraviesa su defendida, recientemente condenada a seis a\u00f1os de prisi\u00f3n por delitos de corrupci\u00f3n. En declaraciones televisivas, Beraldi asegur\u00f3 que la exmandataria \u201ctiene una condena a inhabilitaci\u00f3n y esa situaci\u00f3n es la que al d\u00eda de la fecha [&hellip;]<\/p>\n","protected":false},"author":2,"featured_media":8431,"comment_status":"open","ping_status":"open","sticky":false,"template":"","format":"standard","meta":{"footnotes":""},"categories":[26],"tags":[],"class_list":{"0":"post-8430","1":"post","2":"type-post","3":"status-publish","4":"format-standard","5":"has-post-thumbnail","7":"category-nacionales"},"aioseo_notices":[],"_links":{"self":[{"href":"https:\/\/lalupa24.com.ar\/index.php\/wp-json\/wp\/v2\/posts\/8430","targetHints":{"allow":["GET"]}}],"collection":[{"href":"https:\/\/lalupa24.com.ar\/index.php\/wp-json\/wp\/v2\/posts"}],"about":[{"href":"https:\/\/lalupa24.com.ar\/index.php\/wp-json\/wp\/v2\/types\/post"}],"author":[{"embeddable":true,"href":"https:\/\/lalupa24.com.ar\/index.php\/wp-json\/wp\/v2\/users\/2"}],"replies":[{"embeddable":true,"href":"https:\/\/lalupa24.com.ar\/index.php\/wp-json\/wp\/v2\/comments?post=8430"}],"version-history":[{"count":1,"href":"https:\/\/lalupa24.com.ar\/index.php\/wp-json\/wp\/v2\/posts\/8430\/revisions"}],"predecessor-version":[{"id":8432,"href":"https:\/\/lalupa24.com.ar\/index.php\/wp-json\/wp\/v2\/posts\/8430\/revisions\/8432"}],"wp:featuredmedia":[{"embeddable":true,"href":"https:\/\/lalupa24.com.ar\/index.php\/wp-json\/wp\/v2\/media\/8431"}],"wp:attachment":[{"href":"https:\/\/lalupa24.com.ar\/index.php\/wp-json\/wp\/v2\/media?parent=8430"}],"wp:term":[{"taxonomy":"category","embeddable":true,"href":"https:\/\/lalupa24.com.ar\/index.php\/wp-json\/wp\/v2\/categories?post=8430"},{"taxonomy":"post_tag","embeddable":true,"href":"https:\/\/lalupa24.com.ar\/index.php\/wp-json\/wp\/v2\/tags?post=8430"}],"curies":[{"name":"wp","href":"https:\/\/api.w.org\/{rel}","templated":true}]}}