{"id":8448,"date":"2025-06-12T12:19:59","date_gmt":"2025-06-12T15:19:59","guid":{"rendered":"https:\/\/lalupa24.com.ar\/?p=8448"},"modified":"2025-06-12T12:20:00","modified_gmt":"2025-06-12T15:20:00","slug":"guillermo-francos-pidio-que-no-se-monte-un-show-cuando-se-produzca-la-detencion-de-cristina-kirchner","status":"publish","type":"post","link":"https:\/\/lalupa24.com.ar\/index.php\/2025\/06\/12\/guillermo-francos-pidio-que-no-se-monte-un-show-cuando-se-produzca-la-detencion-de-cristina-kirchner\/","title":{"rendered":"Guillermo Francos pidi\u00f3 \u201cque no se monte un show\u201d cuando se produzca la detenci\u00f3n de Cristina Kirchner"},"content":{"rendered":"\n<p>El jefe de Gabinete<strong>\u00a0Guillermo Francos<\/strong>\u00a0se pronunci\u00f3 sobre la situaci\u00f3n legal de la ex presidenta\u00a0<strong>Cristina Kirchner<\/strong>, despu\u00e9s de que la<strong>\u00a0Corte Suprema<\/strong>\u00a0de Justicia ratificara su condena a seis a\u00f1os de prisi\u00f3n e inhabilitaci\u00f3n para ocupar cargos p\u00fablicos de por vida.<\/p>\n\n\n\n<p>Mientras la ex mandataria analiza los pasos a seguir -tiene tiempo hasta el mi\u00e9rcoles pr\u00f3ximo para presentarse ante la Justicia-, se multiplican las especulaciones sobre c\u00f3mo ser\u00e1 el&nbsp;<strong>procedimiento legal<\/strong>. En ese marco, Francos se\u00f1al\u00f3: \u201c<strong>Espero que no se monte un show de ning\u00fan lado<\/strong>, porque hay algunos episodios que han sucedido estos d\u00edas&#8230; Yo entiendo el afecto, lo que genera entre&nbsp;<strong>sus seguidores, que son cada vez menos<\/strong>, pero ella tiene sus seguidores, y espero que no crucen l\u00edmites\u201d.<\/p>\n\n\n\n<p>En el mismo sentido, el jefe de Gabinete apunt\u00f3: \u201c<strong>Esto ha sido la acci\u00f3n libre de la justicia independiente<\/strong>. No hay ning\u00fan gobierno que haya tenido que ver en esto, la mayor\u00eda de los jueces que intervinieron han sido designados por el kirchnerismo en distintas etapas. Uno puede entender que algunos lo digan, pero&nbsp;<strong>este no es un fallo pol\u00edtico sino judicial<\/strong>\u201d.<\/p>\n","protected":false},"excerpt":{"rendered":"<p>El jefe de Gabinete\u00a0Guillermo Francos\u00a0se pronunci\u00f3 sobre la situaci\u00f3n legal de la ex presidenta\u00a0Cristina Kirchner, despu\u00e9s de que la\u00a0Corte Suprema\u00a0de Justicia ratificara su condena a seis a\u00f1os de prisi\u00f3n e inhabilitaci\u00f3n para ocupar cargos p\u00fablicos de por vida. Mientras la ex mandataria analiza los pasos a seguir -tiene tiempo hasta el mi\u00e9rcoles pr\u00f3ximo para presentarse [&hellip;]<\/p>\n","protected":false},"author":2,"featured_media":8449,"comment_status":"open","ping_status":"open","sticky":false,"template":"","format":"standard","meta":{"footnotes":""},"categories":[26],"tags":[],"class_list":{"0":"post-8448","1":"post","2":"type-post","3":"status-publish","4":"format-standard","5":"has-post-thumbnail","7":"category-nacionales"},"aioseo_notices":[],"_links":{"self":[{"href":"https:\/\/lalupa24.com.ar\/index.php\/wp-json\/wp\/v2\/posts\/8448","targetHints":{"allow":["GET"]}}],"collection":[{"href":"https:\/\/lalupa24.com.ar\/index.php\/wp-json\/wp\/v2\/posts"}],"about":[{"href":"https:\/\/lalupa24.com.ar\/index.php\/wp-json\/wp\/v2\/types\/post"}],"author":[{"embeddable":true,"href":"https:\/\/lalupa24.com.ar\/index.php\/wp-json\/wp\/v2\/users\/2"}],"replies":[{"embeddable":true,"href":"https:\/\/lalupa24.com.ar\/index.php\/wp-json\/wp\/v2\/comments?post=8448"}],"version-history":[{"count":1,"href":"https:\/\/lalupa24.com.ar\/index.php\/wp-json\/wp\/v2\/posts\/8448\/revisions"}],"predecessor-version":[{"id":8450,"href":"https:\/\/lalupa24.com.ar\/index.php\/wp-json\/wp\/v2\/posts\/8448\/revisions\/8450"}],"wp:featuredmedia":[{"embeddable":true,"href":"https:\/\/lalupa24.com.ar\/index.php\/wp-json\/wp\/v2\/media\/8449"}],"wp:attachment":[{"href":"https:\/\/lalupa24.com.ar\/index.php\/wp-json\/wp\/v2\/media?parent=8448"}],"wp:term":[{"taxonomy":"category","embeddable":true,"href":"https:\/\/lalupa24.com.ar\/index.php\/wp-json\/wp\/v2\/categories?post=8448"},{"taxonomy":"post_tag","embeddable":true,"href":"https:\/\/lalupa24.com.ar\/index.php\/wp-json\/wp\/v2\/tags?post=8448"}],"curies":[{"name":"wp","href":"https:\/\/api.w.org\/{rel}","templated":true}]}}