{"id":8451,"date":"2025-06-12T12:21:05","date_gmt":"2025-06-12T15:21:05","guid":{"rendered":"https:\/\/lalupa24.com.ar\/?p=8451"},"modified":"2025-06-12T12:21:07","modified_gmt":"2025-06-12T15:21:07","slug":"tras-la-condena-a-cfk-el-consejo-nacional-del-pj-se-reunira-para-definir-un-plan-de-accion-en-todo-el-pais","status":"publish","type":"post","link":"https:\/\/lalupa24.com.ar\/index.php\/2025\/06\/12\/tras-la-condena-a-cfk-el-consejo-nacional-del-pj-se-reunira-para-definir-un-plan-de-accion-en-todo-el-pais\/","title":{"rendered":"Tras la condena a CFK, el consejo nacional del PJ se reunir\u00e1 para definir un plan de acci\u00f3n en todo el pa\u00eds"},"content":{"rendered":"\n<h2 class=\"wp-block-heading\"><\/h2>\n\n\n\n<p>Luego de que la Corte Suprema dejara firme la condena de\u00a0<strong>Cristina Kirchner<\/strong>\u00a0en la causa Vialidad, el<strong>\u00a0Consejo Nacional del PJ<\/strong>\u00a0se reunir\u00e1 en la sede del partido para definir y\u00a0<strong>coordinar acciones de protesta<\/strong>\u00a0en todo el pa\u00eds. El encuentro se realizar\u00e1 este jueves a las<strong>\u00a016<\/strong>\u00a0y ser\u00eda\u00a0<strong>ampliado<\/strong>\u00a0a otros dirigentes que no son parte del \u00f3rgano partidario.<\/p>\n\n\n\n<p>El objetivo central es establecer un&nbsp;<strong>plan de actividades para los pr\u00f3ximos d\u00edas<\/strong>, hasta que la ex presidenta sea notificada sobre su detenci\u00f3n y comience a cumplirla &#8211; en el caso de ser otorgado el beneficio de la prisi\u00f3n domiciliaria &#8211; en su departamento de Constituci\u00f3n.<\/p>\n\n\n\n<p>El Tribunal Oral Federal N\u00b02 le inform\u00f3 a la ex mandataria que tiene cinco d\u00edas h\u00e1biles para presentarse en los tribunales federales de Comodoro Py para comenzar a cumplir con su condena. El plazo m\u00e1ximo es hasta el&nbsp;<strong>mi\u00e9rcoles&nbsp;<\/strong>de la semana que viene.<\/p>\n","protected":false},"excerpt":{"rendered":"<p>Luego de que la Corte Suprema dejara firme la condena de\u00a0Cristina Kirchner\u00a0en la causa Vialidad, el\u00a0Consejo Nacional del PJ\u00a0se reunir\u00e1 en la sede del partido para definir y\u00a0coordinar acciones de protesta\u00a0en todo el pa\u00eds. El encuentro se realizar\u00e1 este jueves a las\u00a016\u00a0y ser\u00eda\u00a0ampliado\u00a0a otros dirigentes que no son parte del \u00f3rgano partidario. El objetivo central [&hellip;]<\/p>\n","protected":false},"author":2,"featured_media":8452,"comment_status":"open","ping_status":"open","sticky":false,"template":"","format":"standard","meta":{"footnotes":""},"categories":[26],"tags":[],"class_list":{"0":"post-8451","1":"post","2":"type-post","3":"status-publish","4":"format-standard","5":"has-post-thumbnail","7":"category-nacionales"},"aioseo_notices":[],"_links":{"self":[{"href":"https:\/\/lalupa24.com.ar\/index.php\/wp-json\/wp\/v2\/posts\/8451","targetHints":{"allow":["GET"]}}],"collection":[{"href":"https:\/\/lalupa24.com.ar\/index.php\/wp-json\/wp\/v2\/posts"}],"about":[{"href":"https:\/\/lalupa24.com.ar\/index.php\/wp-json\/wp\/v2\/types\/post"}],"author":[{"embeddable":true,"href":"https:\/\/lalupa24.com.ar\/index.php\/wp-json\/wp\/v2\/users\/2"}],"replies":[{"embeddable":true,"href":"https:\/\/lalupa24.com.ar\/index.php\/wp-json\/wp\/v2\/comments?post=8451"}],"version-history":[{"count":1,"href":"https:\/\/lalupa24.com.ar\/index.php\/wp-json\/wp\/v2\/posts\/8451\/revisions"}],"predecessor-version":[{"id":8453,"href":"https:\/\/lalupa24.com.ar\/index.php\/wp-json\/wp\/v2\/posts\/8451\/revisions\/8453"}],"wp:featuredmedia":[{"embeddable":true,"href":"https:\/\/lalupa24.com.ar\/index.php\/wp-json\/wp\/v2\/media\/8452"}],"wp:attachment":[{"href":"https:\/\/lalupa24.com.ar\/index.php\/wp-json\/wp\/v2\/media?parent=8451"}],"wp:term":[{"taxonomy":"category","embeddable":true,"href":"https:\/\/lalupa24.com.ar\/index.php\/wp-json\/wp\/v2\/categories?post=8451"},{"taxonomy":"post_tag","embeddable":true,"href":"https:\/\/lalupa24.com.ar\/index.php\/wp-json\/wp\/v2\/tags?post=8451"}],"curies":[{"name":"wp","href":"https:\/\/api.w.org\/{rel}","templated":true}]}}