{"id":8482,"date":"2025-06-11T13:20:48","date_gmt":"2025-06-11T16:20:48","guid":{"rendered":"https:\/\/lalupa24.com.ar\/?p=8482"},"modified":"2025-06-12T13:23:47","modified_gmt":"2025-06-12T16:23:47","slug":"sin-justicia-no-hay-democracia","status":"publish","type":"post","link":"https:\/\/lalupa24.com.ar\/index.php\/2025\/06\/11\/sin-justicia-no-hay-democracia\/","title":{"rendered":"Sin justicia no hay democracia"},"content":{"rendered":"\n<p>Estamos presenciando, con estupor, una presi\u00f3n medi\u00e1tica sin precedentes sobre la<br>Corte Suprema de Justicia, para proscribir la participaci\u00f3n de Cristina Fern\u00e1ndez de<br>Kirchner en las pr\u00f3ximas elecciones. Existen antecedentes hist\u00f3ricos de<br>proscripciones de l\u00edderes populares en Latinoam\u00e9rica y nuestro pa\u00eds, con el caso<br>emblem\u00e1tico del peronismo en el siglo pasado, donde se prohibi\u00f3 desde pronunciar<br>el apellido Per\u00f3n, hasta su participaci\u00f3n en elecciones democr\u00e1ticas, luego del<br>golpe de Estado de 1955.<br>Como claro y nefasto antecedente en Latinoam\u00e9rica, vivimos la -entre otras-, injusta<br>proscripci\u00f3n de Luiz In\u00e1cio \u201cLula\u201d Da Silva, al que la justicia lo envi\u00f3 a la c\u00e1rcel por<br>580 d\u00edas y le impidi\u00f3 participar de las elecciones presidenciales de 2018 que<br>consagr\u00f3 al derechista Jair Bolsonaro como Presidente de Brasil<br>La denominada \u201cCausa Vialidad\u201d estuvo plagada de irregularidades desde sus<br>inicios, con graves acusaciones de parcialidad tanto de los fiscales como de los<br>jueces intervinientes en contra de Cristina Fern\u00e1ndez de Kirchner, tal el caso del<br>Fiscal Diego Luciani y el Camarista Federal Mariano Llorens quienes integraban el<br>mismo equipo de f\u00fatbol que jugaba en la quinta presidencial con el ex Presidente<br>Mauricio Macri, causa motorizada a instancias de denuncia de uno de sus<br>funcionarios.<br>La evidente parcialidad de estos funcionarios judiciales en contra de la ex<br>presidenta, har\u00eda que la \u201cCausa Vialidad\u201d sea de nulidad absoluta, y amerite un<br>estudio profundo para evitar cometer una injusticia de enorme trascendencia<br>institucional.<br>Y de los trascendidos judiciales que conocen de cerca este proceso, hablan de<br>irregularidades marcadas en el enjuiciamiento, como la no consideraci\u00f3n del<br>consenso un\u00e1nime de los peritos afirmando que no hubo sobreprecios, ninguna<br>prueba directa de intervenci\u00f3n, firma ni decisi\u00f3n ejecutiva espec\u00edfica en obras, ni<br>tampoco llamados telef\u00f3nicos o conversaciones por medios electr\u00f3nicos que la<br>involucren a la Ex Presidenta, como las imputaciones parciales y sobreseimientos<br>selectivos. Por caso, no fueron imputados ni los miembros del Congreso que<br>aprobaron el presupuesto de la obra p\u00fablica destinada a Santa Cruz, ni el Jefe de<br>Gabinete responsable de la ejecuci\u00f3n presupuestaria, ni el Ministro de Planificaci\u00f3n,<br>responsable de la obra p\u00fablica nacional, ni los responsables de las licitaciones en<br>Santa Cruz.<br>As\u00ed las cosas, todos hablan que la probable prisi\u00f3n de la Ex Presidenta estar\u00eda dada<br>por la aplicaci\u00f3n del Art. 280 del CPCCN, que le permitir\u00eda a la Corte Suprema<br>rechazar el recurso interpuesto sin necesidad de expresar ning\u00fan argumento o<br>motivaci\u00f3n que justifique el fallo, solo su discrecionalidad y considerando que la<br>causa es insustancial, con falta de agravio suficiente o lo peor,que carece de<br>\u201ctrascendencia \u201c, cuando es evidente la enorme trascendencia institucional, lo que<\/p>\n\n\n\n<p>descartar\u00eda la aplicaci\u00f3n de dicha norma y deber\u00eda obligar a la Corte a la<br>consideraci\u00f3n del Recurso interpuesto para tal fin.<br>El deber de motivar las resoluciones es una garant\u00eda jur\u00eddica primigenia, que otorga<br>credibilidad a las decisiones jur\u00eddicas en el marco de una sociedad democr\u00e1tica, so<br>pena de considerar dicha resoluci\u00f3n arbitraria, que no explicita cu\u00e1les fueron los<br>hechos, motivos y normas en que se bas\u00f3 la justicia para tomar su decisi\u00f3n, que<br>hacen a la garant\u00eda del debido proceso y de acceso a la justicia.<br>Por todo lo expuesto, surge a las claras que estamos ante una sentencia pol\u00edtica<br>para proscribir la participaci\u00f3n electoral de la ex Presidenta, generando un peligroso<br>precedente de intervenci\u00f3n del Poder Judicial por fuera de las atribuciones<br>conferidas por la Constituci\u00f3n Nacional, impidiendo el ejercicio de sus derechos<br>pol\u00edticos a ser elegida y el derecho de los ciudadanos a elegirla.<br>Finalmente, si la Corte Suprema llegara a tomar medidas con tal celeridad, luego del<br>anuncio de la candidatura de la ex Presidenta, dejar\u00eda en evidencia que los tiempos<br>judiciales dependen de las necesidades del poder real.<br>Como nuevo espacio pol\u00edtico, que aspira a renovar las pr\u00e1cticas pol\u00edticas para<br>resolver los problemas de nuestro pueblo, no podemos quedar como meros<br>espectadores de la destrucci\u00f3n de la Rep\u00fablica y hacemos p\u00fablico nuestro repudio<br>a la posible condena a nuestra ex Presidenta.<br>PRIMERO CHACO<\/p>\n\n\n\n<p><\/p>\n","protected":false},"excerpt":{"rendered":"<p>Estamos presenciando, con estupor, una presi\u00f3n medi\u00e1tica sin precedentes sobre laCorte Suprema de Justicia, para proscribir la participaci\u00f3n de Cristina Fern\u00e1ndez deKirchner en las pr\u00f3ximas elecciones. Existen antecedentes hist\u00f3ricos deproscripciones de l\u00edderes populares en Latinoam\u00e9rica y nuestro pa\u00eds, con el casoemblem\u00e1tico del peronismo en el siglo pasado, donde se prohibi\u00f3 desde pronunciarel apellido Per\u00f3n, hasta [&hellip;]<\/p>\n","protected":false},"author":11,"featured_media":8483,"comment_status":"open","ping_status":"open","sticky":false,"template":"","format":"standard","meta":{"footnotes":""},"categories":[28],"tags":[],"class_list":{"0":"post-8482","1":"post","2":"type-post","3":"status-publish","4":"format-standard","5":"has-post-thumbnail","7":"category-locales"},"aioseo_notices":[],"_links":{"self":[{"href":"https:\/\/lalupa24.com.ar\/index.php\/wp-json\/wp\/v2\/posts\/8482","targetHints":{"allow":["GET"]}}],"collection":[{"href":"https:\/\/lalupa24.com.ar\/index.php\/wp-json\/wp\/v2\/posts"}],"about":[{"href":"https:\/\/lalupa24.com.ar\/index.php\/wp-json\/wp\/v2\/types\/post"}],"author":[{"embeddable":true,"href":"https:\/\/lalupa24.com.ar\/index.php\/wp-json\/wp\/v2\/users\/11"}],"replies":[{"embeddable":true,"href":"https:\/\/lalupa24.com.ar\/index.php\/wp-json\/wp\/v2\/comments?post=8482"}],"version-history":[{"count":1,"href":"https:\/\/lalupa24.com.ar\/index.php\/wp-json\/wp\/v2\/posts\/8482\/revisions"}],"predecessor-version":[{"id":8484,"href":"https:\/\/lalupa24.com.ar\/index.php\/wp-json\/wp\/v2\/posts\/8482\/revisions\/8484"}],"wp:featuredmedia":[{"embeddable":true,"href":"https:\/\/lalupa24.com.ar\/index.php\/wp-json\/wp\/v2\/media\/8483"}],"wp:attachment":[{"href":"https:\/\/lalupa24.com.ar\/index.php\/wp-json\/wp\/v2\/media?parent=8482"}],"wp:term":[{"taxonomy":"category","embeddable":true,"href":"https:\/\/lalupa24.com.ar\/index.php\/wp-json\/wp\/v2\/categories?post=8482"},{"taxonomy":"post_tag","embeddable":true,"href":"https:\/\/lalupa24.com.ar\/index.php\/wp-json\/wp\/v2\/tags?post=8482"}],"curies":[{"name":"wp","href":"https:\/\/api.w.org\/{rel}","templated":true}]}}