{"id":8515,"date":"2025-06-13T10:11:31","date_gmt":"2025-06-13T13:11:31","guid":{"rendered":"https:\/\/lalupa24.com.ar\/?p=8515"},"modified":"2025-06-13T10:11:33","modified_gmt":"2025-06-13T13:11:33","slug":"cristina-kirchner-confirmo-que-el-proximo-miercoles-se-presentara-ante-la-justicia-para-quedar-detenida","status":"publish","type":"post","link":"https:\/\/lalupa24.com.ar\/index.php\/2025\/06\/13\/cristina-kirchner-confirmo-que-el-proximo-miercoles-se-presentara-ante-la-justicia-para-quedar-detenida\/","title":{"rendered":"Cristina Kirchner confirm\u00f3 que el pr\u00f3ximo mi\u00e9rcoles se presentar\u00e1 ante la Justicia para quedar detenida"},"content":{"rendered":"\n<p>\u201cNo somos la derecha mafiosa que elude las \u00f3rdenes judiciales, se profuga durante 3 a\u00f1os y, cuando vuelve, consigue que el Partido Judicial lo proteja y, adem\u00e1s, lo sobresea. Por eso,<strong>\u00a0el pr\u00f3ximo mi\u00e9rcoles 18 de junio me presentar\u00e9 en Comodoro Py para estar a derecho<\/strong>, como siempre lo he hecho\u201d. As\u00ed adelant\u00f3\u00a0<strong>Cristina Kirchner<\/strong>\u00a0su presencia en los tribunales para quedar detenida tras la decisi\u00f3n de la Corte Suprema.<\/p>\n\n\n\n<p>Lo hizo a trav\u00e9s de un escrito publicado en las redes sociales, donde adem\u00e1s&nbsp;<strong>reforz\u00f3 su pedido para que le otorguen prisi\u00f3n domiciliaria<\/strong>&nbsp;con un argumento concreto: \u201c<strong>No se trata de un privilegio<\/strong>; por el contrario, obedece a&nbsp;<strong>estrictas razones de seguridad personal<\/strong>\u201d.<\/p>\n\n\n\n<p>Esta ma\u00f1ana, Cristina Kirchner comparti\u00f3 un documento en el que explic\u00f3 su situaci\u00f3n, e incluy\u00f3 una dura cr\u00edtica a la justicia: \u201cEl martes, cuando<strong>&nbsp;el Triunvirato t\u00edtere que funge como ficci\u00f3n de Corte Suprema<\/strong>&nbsp;de Justicia cumpli\u00f3 la<strong>&nbsp;orden de proscripci\u00f3n del poder econ\u00f3mico contra mi persona<\/strong>,poni\u00e9ndole un&nbsp;<strong>cepo al voto popular<\/strong>, mis abogados presentaron ante el Tribunal Oral Nro. 2 solicitud de detenci\u00f3n domiciliaria en mi casa, en el barrio de Monserrat&#8221;.<\/p>\n","protected":false},"excerpt":{"rendered":"<p>\u201cNo somos la derecha mafiosa que elude las \u00f3rdenes judiciales, se profuga durante 3 a\u00f1os y, cuando vuelve, consigue que el Partido Judicial lo proteja y, adem\u00e1s, lo sobresea. Por eso,\u00a0el pr\u00f3ximo mi\u00e9rcoles 18 de junio me presentar\u00e9 en Comodoro Py para estar a derecho, como siempre lo he hecho\u201d. As\u00ed adelant\u00f3\u00a0Cristina Kirchner\u00a0su presencia en [&hellip;]<\/p>\n","protected":false},"author":2,"featured_media":8516,"comment_status":"open","ping_status":"open","sticky":false,"template":"","format":"standard","meta":{"footnotes":""},"categories":[26],"tags":[],"class_list":{"0":"post-8515","1":"post","2":"type-post","3":"status-publish","4":"format-standard","5":"has-post-thumbnail","7":"category-nacionales"},"aioseo_notices":[],"_links":{"self":[{"href":"https:\/\/lalupa24.com.ar\/index.php\/wp-json\/wp\/v2\/posts\/8515","targetHints":{"allow":["GET"]}}],"collection":[{"href":"https:\/\/lalupa24.com.ar\/index.php\/wp-json\/wp\/v2\/posts"}],"about":[{"href":"https:\/\/lalupa24.com.ar\/index.php\/wp-json\/wp\/v2\/types\/post"}],"author":[{"embeddable":true,"href":"https:\/\/lalupa24.com.ar\/index.php\/wp-json\/wp\/v2\/users\/2"}],"replies":[{"embeddable":true,"href":"https:\/\/lalupa24.com.ar\/index.php\/wp-json\/wp\/v2\/comments?post=8515"}],"version-history":[{"count":1,"href":"https:\/\/lalupa24.com.ar\/index.php\/wp-json\/wp\/v2\/posts\/8515\/revisions"}],"predecessor-version":[{"id":8517,"href":"https:\/\/lalupa24.com.ar\/index.php\/wp-json\/wp\/v2\/posts\/8515\/revisions\/8517"}],"wp:featuredmedia":[{"embeddable":true,"href":"https:\/\/lalupa24.com.ar\/index.php\/wp-json\/wp\/v2\/media\/8516"}],"wp:attachment":[{"href":"https:\/\/lalupa24.com.ar\/index.php\/wp-json\/wp\/v2\/media?parent=8515"}],"wp:term":[{"taxonomy":"category","embeddable":true,"href":"https:\/\/lalupa24.com.ar\/index.php\/wp-json\/wp\/v2\/categories?post=8515"},{"taxonomy":"post_tag","embeddable":true,"href":"https:\/\/lalupa24.com.ar\/index.php\/wp-json\/wp\/v2\/tags?post=8515"}],"curies":[{"name":"wp","href":"https:\/\/api.w.org\/{rel}","templated":true}]}}