{"id":8559,"date":"2025-06-16T17:01:51","date_gmt":"2025-06-16T20:01:51","guid":{"rendered":"https:\/\/lalupa24.com.ar\/?p=8559"},"modified":"2025-06-16T17:01:53","modified_gmt":"2025-06-16T20:01:53","slug":"la-justicia-le-pidio-al-gobierno-que-garantice-la-seguridad-para-la-detencion-de-cristina-kirchner-y-la-marcha-a-comodoro-py","status":"publish","type":"post","link":"https:\/\/lalupa24.com.ar\/index.php\/2025\/06\/16\/la-justicia-le-pidio-al-gobierno-que-garantice-la-seguridad-para-la-detencion-de-cristina-kirchner-y-la-marcha-a-comodoro-py\/","title":{"rendered":"La Justicia le pidi\u00f3 al Gobierno que garantice la seguridad para la detenci\u00f3n de Cristina Kirchner y la marcha a Comodoro Py"},"content":{"rendered":"\n<p>El Tribunal Oral Federal de la causa \u201cVialidad\u201d le envi\u00f3 un oficio a la ministra de Seguridad de la Naci\u00f3n,\u00a0<strong>Patricia Bullrich<\/strong>, en el que le solicit\u00f3 &#8220;<strong>los medios necesarios a fin de brindar seguridad suficiente&#8221;<\/strong>\u00a0para la detenci\u00f3n de la ex presidenta\u00a0<strong>Cristina Kirchner\u00a0<\/strong>y para la marcha que est\u00e1 prevista para el mi\u00e9rcoles hacia los tribunales de Comodoro Py.<\/p>\n\n\n\n<p>El mismo requerimiento recibieron el ministro de Seguridad de la ciudad de Buenos Aires,&nbsp;<strong>Horacio Gim\u00e9nez<\/strong>, y la C\u00e1mara Federal de Casaci\u00f3n Penal, el tribunal que tiene el control sobre el edificio de Comodoro Py. Es por las detenciones que entre ma\u00f1ana y el mi\u00e9rcoles se van a dar de los nueve condenados en la causa Vialidad y por la marcha que el mi\u00e9rcoles se anunci\u00f3 desde el domicilio de Cristina Kirchner a los tribunales de Retiro, cuando la ex presidenta se presente.<\/p>\n\n\n\n<p>Los oficios fueron enviados el s\u00e1bado por el juez federal&nbsp;<strong>Jorge Gorini<\/strong>. All\u00ed se informa que ma\u00f1ana y el mi\u00e9rcoles \u201chabr\u00e1n de materializarse las detenciones, en la sede de este tribunal\u201d de Cristina Kirchner y el resto de los condenados.<\/p>\n","protected":false},"excerpt":{"rendered":"<p>El Tribunal Oral Federal de la causa \u201cVialidad\u201d le envi\u00f3 un oficio a la ministra de Seguridad de la Naci\u00f3n,\u00a0Patricia Bullrich, en el que le solicit\u00f3 &#8220;los medios necesarios a fin de brindar seguridad suficiente&#8221;\u00a0para la detenci\u00f3n de la ex presidenta\u00a0Cristina Kirchner\u00a0y para la marcha que est\u00e1 prevista para el mi\u00e9rcoles hacia los tribunales de [&hellip;]<\/p>\n","protected":false},"author":2,"featured_media":8561,"comment_status":"open","ping_status":"open","sticky":false,"template":"","format":"standard","meta":{"footnotes":""},"categories":[26],"tags":[],"class_list":{"0":"post-8559","1":"post","2":"type-post","3":"status-publish","4":"format-standard","5":"has-post-thumbnail","7":"category-nacionales"},"aioseo_notices":[],"_links":{"self":[{"href":"https:\/\/lalupa24.com.ar\/index.php\/wp-json\/wp\/v2\/posts\/8559","targetHints":{"allow":["GET"]}}],"collection":[{"href":"https:\/\/lalupa24.com.ar\/index.php\/wp-json\/wp\/v2\/posts"}],"about":[{"href":"https:\/\/lalupa24.com.ar\/index.php\/wp-json\/wp\/v2\/types\/post"}],"author":[{"embeddable":true,"href":"https:\/\/lalupa24.com.ar\/index.php\/wp-json\/wp\/v2\/users\/2"}],"replies":[{"embeddable":true,"href":"https:\/\/lalupa24.com.ar\/index.php\/wp-json\/wp\/v2\/comments?post=8559"}],"version-history":[{"count":1,"href":"https:\/\/lalupa24.com.ar\/index.php\/wp-json\/wp\/v2\/posts\/8559\/revisions"}],"predecessor-version":[{"id":8562,"href":"https:\/\/lalupa24.com.ar\/index.php\/wp-json\/wp\/v2\/posts\/8559\/revisions\/8562"}],"wp:featuredmedia":[{"embeddable":true,"href":"https:\/\/lalupa24.com.ar\/index.php\/wp-json\/wp\/v2\/media\/8561"}],"wp:attachment":[{"href":"https:\/\/lalupa24.com.ar\/index.php\/wp-json\/wp\/v2\/media?parent=8559"}],"wp:term":[{"taxonomy":"category","embeddable":true,"href":"https:\/\/lalupa24.com.ar\/index.php\/wp-json\/wp\/v2\/categories?post=8559"},{"taxonomy":"post_tag","embeddable":true,"href":"https:\/\/lalupa24.com.ar\/index.php\/wp-json\/wp\/v2\/tags?post=8559"}],"curies":[{"name":"wp","href":"https:\/\/api.w.org\/{rel}","templated":true}]}}