{"id":8563,"date":"2025-06-16T17:02:40","date_gmt":"2025-06-16T20:02:40","guid":{"rendered":"https:\/\/lalupa24.com.ar\/?p=8563"},"modified":"2025-06-16T17:02:42","modified_gmt":"2025-06-16T20:02:42","slug":"asi-transmitio-la-tv-irani-el-momento-en-que-israel-bombardeo-su-sede-en-teheran","status":"publish","type":"post","link":"https:\/\/lalupa24.com.ar\/index.php\/2025\/06\/16\/asi-transmitio-la-tv-irani-el-momento-en-que-israel-bombardeo-su-sede-en-teheran\/","title":{"rendered":"As\u00ed transmiti\u00f3 la TV iran\u00ed el momento en que Israel bombarde\u00f3 su sede en Teher\u00e1n"},"content":{"rendered":"\n<p>Un\u00a0<strong>ataque a\u00e9reo israel\u00ed<\/strong>\u00a0alcanz\u00f3 el lunes por la tarde el edificio principal de la\u00a0<strong>Radio y Televisi\u00f3n de la Rep\u00fablica Isl\u00e1mica de Ir\u00e1n (IRIB)<\/strong>, en el elegante tercer distrito de la capital iran\u00ed, provocando la\u00a0<strong>interrupci\u00f3n inmediata de una transmisi\u00f3n en vivo<\/strong>. El blanco fue golpeado en el momento en que la periodista\u00a0<strong>Sahar Emami<\/strong>, presentadora de noticias del canal estatal, estaba en directo lanzando\u00a0<strong>cr\u00edticas al Estado de Israel<\/strong>.<\/p>\n","protected":false},"excerpt":{"rendered":"<p>Un\u00a0ataque a\u00e9reo israel\u00ed\u00a0alcanz\u00f3 el lunes por la tarde el edificio principal de la\u00a0Radio y Televisi\u00f3n de la Rep\u00fablica Isl\u00e1mica de Ir\u00e1n (IRIB), en el elegante tercer distrito de la capital iran\u00ed, provocando la\u00a0interrupci\u00f3n inmediata de una transmisi\u00f3n en vivo. El blanco fue golpeado en el momento en que la periodista\u00a0Sahar Emami, presentadora de noticias del [&hellip;]<\/p>\n","protected":false},"author":2,"featured_media":8564,"comment_status":"open","ping_status":"open","sticky":false,"template":"","format":"standard","meta":{"footnotes":""},"categories":[25],"tags":[],"class_list":{"0":"post-8563","1":"post","2":"type-post","3":"status-publish","4":"format-standard","5":"has-post-thumbnail","7":"category-internacionales"},"aioseo_notices":[],"_links":{"self":[{"href":"https:\/\/lalupa24.com.ar\/index.php\/wp-json\/wp\/v2\/posts\/8563","targetHints":{"allow":["GET"]}}],"collection":[{"href":"https:\/\/lalupa24.com.ar\/index.php\/wp-json\/wp\/v2\/posts"}],"about":[{"href":"https:\/\/lalupa24.com.ar\/index.php\/wp-json\/wp\/v2\/types\/post"}],"author":[{"embeddable":true,"href":"https:\/\/lalupa24.com.ar\/index.php\/wp-json\/wp\/v2\/users\/2"}],"replies":[{"embeddable":true,"href":"https:\/\/lalupa24.com.ar\/index.php\/wp-json\/wp\/v2\/comments?post=8563"}],"version-history":[{"count":1,"href":"https:\/\/lalupa24.com.ar\/index.php\/wp-json\/wp\/v2\/posts\/8563\/revisions"}],"predecessor-version":[{"id":8565,"href":"https:\/\/lalupa24.com.ar\/index.php\/wp-json\/wp\/v2\/posts\/8563\/revisions\/8565"}],"wp:featuredmedia":[{"embeddable":true,"href":"https:\/\/lalupa24.com.ar\/index.php\/wp-json\/wp\/v2\/media\/8564"}],"wp:attachment":[{"href":"https:\/\/lalupa24.com.ar\/index.php\/wp-json\/wp\/v2\/media?parent=8563"}],"wp:term":[{"taxonomy":"category","embeddable":true,"href":"https:\/\/lalupa24.com.ar\/index.php\/wp-json\/wp\/v2\/categories?post=8563"},{"taxonomy":"post_tag","embeddable":true,"href":"https:\/\/lalupa24.com.ar\/index.php\/wp-json\/wp\/v2\/tags?post=8563"}],"curies":[{"name":"wp","href":"https:\/\/api.w.org\/{rel}","templated":true}]}}