{"id":8572,"date":"2025-06-16T17:05:18","date_gmt":"2025-06-16T20:05:18","guid":{"rendered":"https:\/\/lalupa24.com.ar\/?p=8572"},"modified":"2025-06-16T17:05:20","modified_gmt":"2025-06-16T20:05:20","slug":"murio-juan-manuel-abal-medina-padre-estrecho-colaborador-de-peron","status":"publish","type":"post","link":"https:\/\/lalupa24.com.ar\/index.php\/2025\/06\/16\/murio-juan-manuel-abal-medina-padre-estrecho-colaborador-de-peron\/","title":{"rendered":"Muri\u00f3 Juan Manuel Abal Medina padre, estrecho colaborador de Per\u00f3n."},"content":{"rendered":"\n<p><strong>Juan Manuel Abal Medina (padre)<\/strong>, una figura relevante en la pol\u00edtica argentina, muri\u00f3 este domingo a sus 80 a\u00f1os. Cercano a Juan Domingo Per\u00f3n y un actor clave dentro del movimiento, el periodista, abogado y pol\u00edtico dej\u00f3 una huella imborrable en el\u00a0<strong>peronismo<\/strong>. En sus \u00faltimos a\u00f1os de vida luch\u00f3 contra la Enfermedad Pulmonar Obstructiva Cr\u00f3nica (EPOC).<\/p>\n","protected":false},"excerpt":{"rendered":"<p>Juan Manuel Abal Medina (padre), una figura relevante en la pol\u00edtica argentina, muri\u00f3 este domingo a sus 80 a\u00f1os. Cercano a Juan Domingo Per\u00f3n y un actor clave dentro del movimiento, el periodista, abogado y pol\u00edtico dej\u00f3 una huella imborrable en el\u00a0peronismo. En sus \u00faltimos a\u00f1os de vida luch\u00f3 contra la Enfermedad Pulmonar Obstructiva Cr\u00f3nica [&hellip;]<\/p>\n","protected":false},"author":2,"featured_media":8573,"comment_status":"open","ping_status":"open","sticky":false,"template":"","format":"standard","meta":{"footnotes":""},"categories":[26],"tags":[],"class_list":{"0":"post-8572","1":"post","2":"type-post","3":"status-publish","4":"format-standard","5":"has-post-thumbnail","7":"category-nacionales"},"aioseo_notices":[],"_links":{"self":[{"href":"https:\/\/lalupa24.com.ar\/index.php\/wp-json\/wp\/v2\/posts\/8572","targetHints":{"allow":["GET"]}}],"collection":[{"href":"https:\/\/lalupa24.com.ar\/index.php\/wp-json\/wp\/v2\/posts"}],"about":[{"href":"https:\/\/lalupa24.com.ar\/index.php\/wp-json\/wp\/v2\/types\/post"}],"author":[{"embeddable":true,"href":"https:\/\/lalupa24.com.ar\/index.php\/wp-json\/wp\/v2\/users\/2"}],"replies":[{"embeddable":true,"href":"https:\/\/lalupa24.com.ar\/index.php\/wp-json\/wp\/v2\/comments?post=8572"}],"version-history":[{"count":1,"href":"https:\/\/lalupa24.com.ar\/index.php\/wp-json\/wp\/v2\/posts\/8572\/revisions"}],"predecessor-version":[{"id":8574,"href":"https:\/\/lalupa24.com.ar\/index.php\/wp-json\/wp\/v2\/posts\/8572\/revisions\/8574"}],"wp:featuredmedia":[{"embeddable":true,"href":"https:\/\/lalupa24.com.ar\/index.php\/wp-json\/wp\/v2\/media\/8573"}],"wp:attachment":[{"href":"https:\/\/lalupa24.com.ar\/index.php\/wp-json\/wp\/v2\/media?parent=8572"}],"wp:term":[{"taxonomy":"category","embeddable":true,"href":"https:\/\/lalupa24.com.ar\/index.php\/wp-json\/wp\/v2\/categories?post=8572"},{"taxonomy":"post_tag","embeddable":true,"href":"https:\/\/lalupa24.com.ar\/index.php\/wp-json\/wp\/v2\/tags?post=8572"}],"curies":[{"name":"wp","href":"https:\/\/api.w.org\/{rel}","templated":true}]}}