{"id":8578,"date":"2025-06-16T17:07:00","date_gmt":"2025-06-16T20:07:00","guid":{"rendered":"https:\/\/lalupa24.com.ar\/?p=8578"},"modified":"2025-06-16T17:07:01","modified_gmt":"2025-06-16T20:07:01","slug":"el-romantico-mensaje-de-florencia-raggi-a-nicolas-repetto-por-su-doble-aniversario-30-anos","status":"publish","type":"post","link":"https:\/\/lalupa24.com.ar\/index.php\/2025\/06\/16\/el-romantico-mensaje-de-florencia-raggi-a-nicolas-repetto-por-su-doble-aniversario-30-anos\/","title":{"rendered":"El rom\u00e1ntico mensaje de Florencia Raggi a Nicol\u00e1s Repetto por su doble aniversario: \u201c30 a\u00f1os\u201d."},"content":{"rendered":"\n<p>En una jornada marcada por el\u00a0<strong>D\u00eda del Padre<\/strong>,\u00a0<a href=\"https:\/\/www.infobae.com\/tag\/florencia-raggi\/\" target=\"_blank\" rel=\"noreferrer noopener\"><strong>Florencia Raggi<\/strong><\/a>\u00a0sorprendi\u00f3 a sus seguidores al conmemorar dos fechas significativas en su vida personal: el trig\u00e9simo aniversario de convivencia y el decimoctavo aniversario de casados con<a href=\"https:\/\/www.infobae.com\/teleshow\/2025\/06\/16\/el-romantico-mensaje-de-florencia-raggi-a-nicolas-repetto-por-su-doble-aniversario-30-anos\/\" target=\"_blank\" rel=\"noreferrer noopener\"><strong>Nicol\u00e1s Repetto<\/strong><\/a>.<\/p>\n","protected":false},"excerpt":{"rendered":"<p>En una jornada marcada por el\u00a0D\u00eda del Padre,\u00a0Florencia Raggi\u00a0sorprendi\u00f3 a sus seguidores al conmemorar dos fechas significativas en su vida personal: el trig\u00e9simo aniversario de convivencia y el decimoctavo aniversario de casados conNicol\u00e1s Repetto.<\/p>\n","protected":false},"author":2,"featured_media":8579,"comment_status":"open","ping_status":"open","sticky":false,"template":"","format":"standard","meta":{"footnotes":""},"categories":[26],"tags":[],"class_list":{"0":"post-8578","1":"post","2":"type-post","3":"status-publish","4":"format-standard","5":"has-post-thumbnail","7":"category-nacionales"},"aioseo_notices":[],"_links":{"self":[{"href":"https:\/\/lalupa24.com.ar\/index.php\/wp-json\/wp\/v2\/posts\/8578","targetHints":{"allow":["GET"]}}],"collection":[{"href":"https:\/\/lalupa24.com.ar\/index.php\/wp-json\/wp\/v2\/posts"}],"about":[{"href":"https:\/\/lalupa24.com.ar\/index.php\/wp-json\/wp\/v2\/types\/post"}],"author":[{"embeddable":true,"href":"https:\/\/lalupa24.com.ar\/index.php\/wp-json\/wp\/v2\/users\/2"}],"replies":[{"embeddable":true,"href":"https:\/\/lalupa24.com.ar\/index.php\/wp-json\/wp\/v2\/comments?post=8578"}],"version-history":[{"count":1,"href":"https:\/\/lalupa24.com.ar\/index.php\/wp-json\/wp\/v2\/posts\/8578\/revisions"}],"predecessor-version":[{"id":8580,"href":"https:\/\/lalupa24.com.ar\/index.php\/wp-json\/wp\/v2\/posts\/8578\/revisions\/8580"}],"wp:featuredmedia":[{"embeddable":true,"href":"https:\/\/lalupa24.com.ar\/index.php\/wp-json\/wp\/v2\/media\/8579"}],"wp:attachment":[{"href":"https:\/\/lalupa24.com.ar\/index.php\/wp-json\/wp\/v2\/media?parent=8578"}],"wp:term":[{"taxonomy":"category","embeddable":true,"href":"https:\/\/lalupa24.com.ar\/index.php\/wp-json\/wp\/v2\/categories?post=8578"},{"taxonomy":"post_tag","embeddable":true,"href":"https:\/\/lalupa24.com.ar\/index.php\/wp-json\/wp\/v2\/tags?post=8578"}],"curies":[{"name":"wp","href":"https:\/\/api.w.org\/{rel}","templated":true}]}}