{"id":8591,"date":"2025-06-16T17:12:38","date_gmt":"2025-06-16T20:12:38","guid":{"rendered":"https:\/\/lalupa24.com.ar\/?p=8591"},"modified":"2025-06-16T17:12:40","modified_gmt":"2025-06-16T20:12:40","slug":"elecciones-de-corrientes-un-58-prefiere-un-cambio-mientras-que-solo-el-24-votaria-al-candidato-del-gobernador-valdes-segun-una-encuesta","status":"publish","type":"post","link":"https:\/\/lalupa24.com.ar\/index.php\/2025\/06\/16\/elecciones-de-corrientes-un-58-prefiere-un-cambio-mientras-que-solo-el-24-votaria-al-candidato-del-gobernador-valdes-segun-una-encuesta\/","title":{"rendered":"Elecciones de Corrientes: un 58% prefiere un cambio, mientras que solo el 24% votar\u00eda al candidato del gobernador Valdes, seg\u00fan una encuesta"},"content":{"rendered":"\n<p>La provincia de Corrientes votar\u00e1 el pr\u00f3ximo 31 de agosto a su nuevo gobernador en el medio de un a\u00f1o que est\u00e1 marcado por las elecciones legislativas que llevan a nivel nacional. En ese sentido, una nueva encuesta revel\u00f3 c\u00f3mo est\u00e1 planteado el esquema de candidatos y qu\u00e9 nombres suenan con fuerza para suceder a\u00a0<strong>Gustavo Vald\u00e9s<\/strong>.<\/p>\n","protected":false},"excerpt":{"rendered":"<p>La provincia de Corrientes votar\u00e1 el pr\u00f3ximo 31 de agosto a su nuevo gobernador en el medio de un a\u00f1o que est\u00e1 marcado por las elecciones legislativas que llevan a nivel nacional. En ese sentido, una nueva encuesta revel\u00f3 c\u00f3mo est\u00e1 planteado el esquema de candidatos y qu\u00e9 nombres suenan con fuerza para suceder a\u00a0Gustavo [&hellip;]<\/p>\n","protected":false},"author":2,"featured_media":8592,"comment_status":"open","ping_status":"open","sticky":false,"template":"","format":"standard","meta":{"footnotes":""},"categories":[26],"tags":[],"class_list":{"0":"post-8591","1":"post","2":"type-post","3":"status-publish","4":"format-standard","5":"has-post-thumbnail","7":"category-nacionales"},"aioseo_notices":[],"_links":{"self":[{"href":"https:\/\/lalupa24.com.ar\/index.php\/wp-json\/wp\/v2\/posts\/8591","targetHints":{"allow":["GET"]}}],"collection":[{"href":"https:\/\/lalupa24.com.ar\/index.php\/wp-json\/wp\/v2\/posts"}],"about":[{"href":"https:\/\/lalupa24.com.ar\/index.php\/wp-json\/wp\/v2\/types\/post"}],"author":[{"embeddable":true,"href":"https:\/\/lalupa24.com.ar\/index.php\/wp-json\/wp\/v2\/users\/2"}],"replies":[{"embeddable":true,"href":"https:\/\/lalupa24.com.ar\/index.php\/wp-json\/wp\/v2\/comments?post=8591"}],"version-history":[{"count":1,"href":"https:\/\/lalupa24.com.ar\/index.php\/wp-json\/wp\/v2\/posts\/8591\/revisions"}],"predecessor-version":[{"id":8593,"href":"https:\/\/lalupa24.com.ar\/index.php\/wp-json\/wp\/v2\/posts\/8591\/revisions\/8593"}],"wp:featuredmedia":[{"embeddable":true,"href":"https:\/\/lalupa24.com.ar\/index.php\/wp-json\/wp\/v2\/media\/8592"}],"wp:attachment":[{"href":"https:\/\/lalupa24.com.ar\/index.php\/wp-json\/wp\/v2\/media?parent=8591"}],"wp:term":[{"taxonomy":"category","embeddable":true,"href":"https:\/\/lalupa24.com.ar\/index.php\/wp-json\/wp\/v2\/categories?post=8591"},{"taxonomy":"post_tag","embeddable":true,"href":"https:\/\/lalupa24.com.ar\/index.php\/wp-json\/wp\/v2\/tags?post=8591"}],"curies":[{"name":"wp","href":"https:\/\/api.w.org\/{rel}","templated":true}]}}