{"id":8595,"date":"2025-06-16T17:13:40","date_gmt":"2025-06-16T20:13:40","guid":{"rendered":"https:\/\/lalupa24.com.ar\/?p=8595"},"modified":"2025-06-16T17:13:42","modified_gmt":"2025-06-16T20:13:42","slug":"quien-es-ahmad-vahidi-el-siniestro-lider-militar-irani-que-esta-profugo-de-la-justicia-argentina-acusado-de-la-voladura-de-la-amia","status":"publish","type":"post","link":"https:\/\/lalupa24.com.ar\/index.php\/2025\/06\/16\/quien-es-ahmad-vahidi-el-siniestro-lider-militar-irani-que-esta-profugo-de-la-justicia-argentina-acusado-de-la-voladura-de-la-amia\/","title":{"rendered":"Qui\u00e9n es Ahmad Vahidi, el siniestro l\u00edder militar iran\u00ed que est\u00e1 pr\u00f3fugo de la justicia argentina acusado de la voladura de la AMIA"},"content":{"rendered":"\n<h2 class=\"wp-block-heading\"><\/h2>\n\n\n\n<p><strong>Ahmad Vahidi<\/strong>\u00a0fue designado\u00a0<strong>provisoriamente\u00a0<\/strong>como jefe de la\u00a0<strong>Guardia Revolucionaria de Ir\u00e1n<\/strong>\u00a0tras la muerte de Hossein Salami, abatido durante ataques israel\u00edes contra el r\u00e9gimen persa.<\/p>\n\n\n\n<p>Su nombramiento,\u00a0reflejado por el gobierno argentino, se da en un momento de alta tensi\u00f3n regional y genera repercusiones internacionales por su historial y la gravedad de las acusaciones que enfrenta, entre ellas, su participaci\u00f3n en el atentado a la\u00a0<strong>AMIA<\/strong>\u00a0en Buenos Aires.<\/p>\n\n\n\n<p>Vahidi, de 66 a\u00f1os, naci\u00f3 en la hist\u00f3rica ciudad de Shiraz, situada al suroeste de Ir\u00e1n y a unos 900 kil\u00f3metros de Teher\u00e1n.&nbsp;<strong>Su v\u00ednculo con la Guardia Revolucionaria comenz\u00f3 con el surgimiento de la Revoluci\u00f3n Isl\u00e1mica en 1979, cuando se integr\u00f3 a esa estructura militar, una suerte de ej\u00e9rcito paralelo que responde \u00fanicamente al l\u00edder supremo de Ir\u00e1n<\/strong>.<\/p>\n","protected":false},"excerpt":{"rendered":"<p>Ahmad Vahidi\u00a0fue designado\u00a0provisoriamente\u00a0como jefe de la\u00a0Guardia Revolucionaria de Ir\u00e1n\u00a0tras la muerte de Hossein Salami, abatido durante ataques israel\u00edes contra el r\u00e9gimen persa. Su nombramiento,\u00a0reflejado por el gobierno argentino, se da en un momento de alta tensi\u00f3n regional y genera repercusiones internacionales por su historial y la gravedad de las acusaciones que enfrenta, entre ellas, su [&hellip;]<\/p>\n","protected":false},"author":2,"featured_media":8596,"comment_status":"open","ping_status":"open","sticky":false,"template":"","format":"standard","meta":{"footnotes":""},"categories":[25],"tags":[],"class_list":{"0":"post-8595","1":"post","2":"type-post","3":"status-publish","4":"format-standard","5":"has-post-thumbnail","7":"category-internacionales"},"aioseo_notices":[],"_links":{"self":[{"href":"https:\/\/lalupa24.com.ar\/index.php\/wp-json\/wp\/v2\/posts\/8595","targetHints":{"allow":["GET"]}}],"collection":[{"href":"https:\/\/lalupa24.com.ar\/index.php\/wp-json\/wp\/v2\/posts"}],"about":[{"href":"https:\/\/lalupa24.com.ar\/index.php\/wp-json\/wp\/v2\/types\/post"}],"author":[{"embeddable":true,"href":"https:\/\/lalupa24.com.ar\/index.php\/wp-json\/wp\/v2\/users\/2"}],"replies":[{"embeddable":true,"href":"https:\/\/lalupa24.com.ar\/index.php\/wp-json\/wp\/v2\/comments?post=8595"}],"version-history":[{"count":1,"href":"https:\/\/lalupa24.com.ar\/index.php\/wp-json\/wp\/v2\/posts\/8595\/revisions"}],"predecessor-version":[{"id":8597,"href":"https:\/\/lalupa24.com.ar\/index.php\/wp-json\/wp\/v2\/posts\/8595\/revisions\/8597"}],"wp:featuredmedia":[{"embeddable":true,"href":"https:\/\/lalupa24.com.ar\/index.php\/wp-json\/wp\/v2\/media\/8596"}],"wp:attachment":[{"href":"https:\/\/lalupa24.com.ar\/index.php\/wp-json\/wp\/v2\/media?parent=8595"}],"wp:term":[{"taxonomy":"category","embeddable":true,"href":"https:\/\/lalupa24.com.ar\/index.php\/wp-json\/wp\/v2\/categories?post=8595"},{"taxonomy":"post_tag","embeddable":true,"href":"https:\/\/lalupa24.com.ar\/index.php\/wp-json\/wp\/v2\/tags?post=8595"}],"curies":[{"name":"wp","href":"https:\/\/api.w.org\/{rel}","templated":true}]}}