{"id":860,"date":"2024-04-20T15:09:04","date_gmt":"2024-04-20T18:09:04","guid":{"rendered":"https:\/\/lalupa24.com.ar\/?p=860"},"modified":"2024-04-20T15:09:04","modified_gmt":"2024-04-20T18:09:04","slug":"corrientes-pide-recuperar-el-status-sanitario-de-pais-libre-de-aftosa-sin-vacunacion","status":"publish","type":"post","link":"https:\/\/lalupa24.com.ar\/index.php\/2024\/04\/20\/corrientes-pide-recuperar-el-status-sanitario-de-pais-libre-de-aftosa-sin-vacunacion\/","title":{"rendered":"Corrientes pide recuperar el status sanitario de &#8220;pa\u00eds libre de aftosa sin vacunaci\u00f3n&#8221;"},"content":{"rendered":"\n<p>Vicegobernadores, autoridades legislativas, diputados y senadores; se dieron cita en provincia de La Rioja para la 50\u00b0 Sesi\u00f3n Plenaria del Parlamento del Norte Grande Argentino, organismo que nuclea a 120 legisladores provinciales de Salta, Jujuy, Tucum\u00e1n, Santiago del Estero, Catamarca, La Rioja, Chaco, Corrientes, Formosa y Misiones.<\/p>\n\n\n\n<p>Con la consigna &#8220;Federalismo en acci\u00f3n por una Argentina unida&#8221;, en representaci\u00f3n del senado de Corrientes, viajaron Henry Fick, vicepresidente 1\u00b0 de la C\u00e1mara, los senadores Noel Breard y Di\u00f3genes Gonz\u00e1lez. En representaci\u00f3n de la C\u00e1mara de Diputados, el presidente del cuerpo, Pedro Cassani y los diputados, Hugo Vallejos y Norberto Ast.<\/p>\n\n\n\n<p>El senador Breard expres\u00f3, con relaci\u00f3n a la realizaci\u00f3n de la primera reuni\u00f3n plenaria del a\u00f1o: \u201cParticipamos de un \u00e1mbito colectivo de origen diverso, con objetivos claros y compartidos, construyendo futuro sin sectarismo y exclusiones\u201d.<\/p>\n\n\n\n<p>Destac\u00f3 en ese sentido la aprobaci\u00f3n en el Plenario del Parlamento del Norte Grande del expediente N\u00b0037 Programa de status sanitarios libre de aftosa sin vacunaci\u00f3n.<\/p>\n\n\n\n<p>Fundamentando esta iniciativa Breard relat\u00f3 que &#8220;la Argentina posee 50 millones de cabezas de ganado y hace pocos d\u00edas vimos que los productores no ten\u00edan una vacuna de las dos dosis, lo que puso en evidencia la asimetr\u00eda en los costos de la vacuna con los pa\u00edses vecinos casi de cuatro veces m\u00e1s. En el Mercosur se vacuna con dos cepas, tienen datos sanitarios perfectos para exportar igual que la Argentina&#8221;.&nbsp;<\/p>\n\n\n\n<p>Consider\u00f3 que uno de los aspectos centrales del debate es la necesidad apremiante de abrir la competencia en el mercado de vacunas y destac\u00f3 con preocupaci\u00f3n &#8220;la brecha de precios entre las vacunas fabricadas en Argentina y las del Mercosur, lo que obstaculiza el acceso de la poblaci\u00f3n a una herramienta crucial en la lucha contra enfermedades&#8221;.<\/p>\n\n\n\n<p>El legislador hizo hincapi\u00e9 en que, &#8220;a pesar de la capacidad productiva del pa\u00eds, la falta de competencia perpetu\u00f3 precios elevados que impactan directamente en la salud p\u00fablica y en la capacidad de compra del Estado&#8221;.<\/p>\n\n\n\n<p>El senador correntino destac\u00f3 &#8220;la importancia del Norte Grande argentino como un proveedor clave de ganado a nivel nacional, con cifras que muestran que esta regi\u00f3n alberga aproximadamente el 25 por ciento del stock ganadero del pa\u00eds&#8221;. Sin embargo, advirti\u00f3 de &#8220;la necesidad de abordar los altos costos de producci\u00f3n y las deficiencias en la cadena de distribuci\u00f3n que afectan la rentabilidad del sector&#8221;.<\/p>\n\n\n\n<p>Adem\u00e1s, mencion\u00f3 la propuesta de realizar una auditor\u00eda de viralizaci\u00f3n para determinar la presencia de la fiebre aftosa en el ganado argentino, &#8220;aunque se\u00f1al\u00f3 que en Argentina no se registraron casos de fiebre aftosa en aproximadamente 24 a\u00f1os, desde el \u00faltimo brote en Formosa en el 2000&#8221;.<\/p>\n\n\n\n<p>Breard consider\u00f3 que &#8220;debido a este panorama se plantea la posibilidad de reducir las vacunaciones anuales contra la fiebre aftosa, pasando de dos a una vez al a\u00f1o, con una segunda vacunaci\u00f3n opcional con un costo menor&#8221;.<\/p>\n","protected":false},"excerpt":{"rendered":"<p>Vicegobernadores, autoridades legislativas, diputados y senadores; se dieron cita en provincia de La Rioja para la 50\u00b0 Sesi\u00f3n Plenaria del Parlamento del Norte Grande Argentino, organismo que nuclea a 120 legisladores provinciales de Salta, Jujuy, Tucum\u00e1n, Santiago del Estero, Catamarca, La Rioja, Chaco, Corrientes, Formosa y Misiones. Con la consigna &#8220;Federalismo en acci\u00f3n por una [&hellip;]<\/p>\n","protected":false},"author":2,"featured_media":866,"comment_status":"open","ping_status":"open","sticky":false,"template":"","format":"standard","meta":{"footnotes":""},"categories":[26],"tags":[],"class_list":{"0":"post-860","1":"post","2":"type-post","3":"status-publish","4":"format-standard","5":"has-post-thumbnail","7":"category-nacionales"},"aioseo_notices":[],"_links":{"self":[{"href":"https:\/\/lalupa24.com.ar\/index.php\/wp-json\/wp\/v2\/posts\/860","targetHints":{"allow":["GET"]}}],"collection":[{"href":"https:\/\/lalupa24.com.ar\/index.php\/wp-json\/wp\/v2\/posts"}],"about":[{"href":"https:\/\/lalupa24.com.ar\/index.php\/wp-json\/wp\/v2\/types\/post"}],"author":[{"embeddable":true,"href":"https:\/\/lalupa24.com.ar\/index.php\/wp-json\/wp\/v2\/users\/2"}],"replies":[{"embeddable":true,"href":"https:\/\/lalupa24.com.ar\/index.php\/wp-json\/wp\/v2\/comments?post=860"}],"version-history":[{"count":1,"href":"https:\/\/lalupa24.com.ar\/index.php\/wp-json\/wp\/v2\/posts\/860\/revisions"}],"predecessor-version":[{"id":867,"href":"https:\/\/lalupa24.com.ar\/index.php\/wp-json\/wp\/v2\/posts\/860\/revisions\/867"}],"wp:featuredmedia":[{"embeddable":true,"href":"https:\/\/lalupa24.com.ar\/index.php\/wp-json\/wp\/v2\/media\/866"}],"wp:attachment":[{"href":"https:\/\/lalupa24.com.ar\/index.php\/wp-json\/wp\/v2\/media?parent=860"}],"wp:term":[{"taxonomy":"category","embeddable":true,"href":"https:\/\/lalupa24.com.ar\/index.php\/wp-json\/wp\/v2\/categories?post=860"},{"taxonomy":"post_tag","embeddable":true,"href":"https:\/\/lalupa24.com.ar\/index.php\/wp-json\/wp\/v2\/tags?post=860"}],"curies":[{"name":"wp","href":"https:\/\/api.w.org\/{rel}","templated":true}]}}