{"id":8607,"date":"2025-06-16T17:19:23","date_gmt":"2025-06-16T20:19:23","guid":{"rendered":"https:\/\/lalupa24.com.ar\/?p=8607"},"modified":"2025-06-16T17:19:25","modified_gmt":"2025-06-16T20:19:25","slug":"la-militancia-regreso-al-departamento-de-cfk-y-convoco-formalmente-a-la-marcha-del-proximo-miercoles","status":"publish","type":"post","link":"https:\/\/lalupa24.com.ar\/index.php\/2025\/06\/16\/la-militancia-regreso-al-departamento-de-cfk-y-convoco-formalmente-a-la-marcha-del-proximo-miercoles\/","title":{"rendered":"La militancia regres\u00f3 al departamento de CFK y convoc\u00f3 formalmente a la marcha del pr\u00f3ximo mi\u00e9rcoles"},"content":{"rendered":"\n<p>Luego del\u00a0operativo del fin de semana del gobierno porte\u00f1o, que desaloj\u00f3 a los militantes que acampaban frente al departamento de Cristina Kirchner en Constituci\u00f3n, varias personas volvieron a la zona a primera hora de este lunes feriado y fr\u00edo en la Ciudad de Buenos Aires.<\/p>\n","protected":false},"excerpt":{"rendered":"<p>Luego del\u00a0operativo del fin de semana del gobierno porte\u00f1o, que desaloj\u00f3 a los militantes que acampaban frente al departamento de Cristina Kirchner en Constituci\u00f3n, varias personas volvieron a la zona a primera hora de este lunes feriado y fr\u00edo en la Ciudad de Buenos Aires.<\/p>\n","protected":false},"author":2,"featured_media":8608,"comment_status":"open","ping_status":"open","sticky":false,"template":"","format":"standard","meta":{"footnotes":""},"categories":[26],"tags":[],"class_list":{"0":"post-8607","1":"post","2":"type-post","3":"status-publish","4":"format-standard","5":"has-post-thumbnail","7":"category-nacionales"},"aioseo_notices":[],"_links":{"self":[{"href":"https:\/\/lalupa24.com.ar\/index.php\/wp-json\/wp\/v2\/posts\/8607","targetHints":{"allow":["GET"]}}],"collection":[{"href":"https:\/\/lalupa24.com.ar\/index.php\/wp-json\/wp\/v2\/posts"}],"about":[{"href":"https:\/\/lalupa24.com.ar\/index.php\/wp-json\/wp\/v2\/types\/post"}],"author":[{"embeddable":true,"href":"https:\/\/lalupa24.com.ar\/index.php\/wp-json\/wp\/v2\/users\/2"}],"replies":[{"embeddable":true,"href":"https:\/\/lalupa24.com.ar\/index.php\/wp-json\/wp\/v2\/comments?post=8607"}],"version-history":[{"count":1,"href":"https:\/\/lalupa24.com.ar\/index.php\/wp-json\/wp\/v2\/posts\/8607\/revisions"}],"predecessor-version":[{"id":8609,"href":"https:\/\/lalupa24.com.ar\/index.php\/wp-json\/wp\/v2\/posts\/8607\/revisions\/8609"}],"wp:featuredmedia":[{"embeddable":true,"href":"https:\/\/lalupa24.com.ar\/index.php\/wp-json\/wp\/v2\/media\/8608"}],"wp:attachment":[{"href":"https:\/\/lalupa24.com.ar\/index.php\/wp-json\/wp\/v2\/media?parent=8607"}],"wp:term":[{"taxonomy":"category","embeddable":true,"href":"https:\/\/lalupa24.com.ar\/index.php\/wp-json\/wp\/v2\/categories?post=8607"},{"taxonomy":"post_tag","embeddable":true,"href":"https:\/\/lalupa24.com.ar\/index.php\/wp-json\/wp\/v2\/tags?post=8607"}],"curies":[{"name":"wp","href":"https:\/\/api.w.org\/{rel}","templated":true}]}}