{"id":8625,"date":"2025-06-16T17:26:10","date_gmt":"2025-06-16T20:26:10","guid":{"rendered":"https:\/\/lalupa24.com.ar\/?p=8625"},"modified":"2025-06-16T17:26:12","modified_gmt":"2025-06-16T20:26:12","slug":"educacion-trabajo-con-directores-de-escuelas-primarias-y-secundarias-sobre-el-resultado-de-los-diagnosticos-a-partir-de-los-saberes-de-los-estudiantes","status":"publish","type":"post","link":"https:\/\/lalupa24.com.ar\/index.php\/2025\/06\/16\/educacion-trabajo-con-directores-de-escuelas-primarias-y-secundarias-sobre-el-resultado-de-los-diagnosticos-a-partir-de-los-saberes-de-los-estudiantes\/","title":{"rendered":"EDUCACI\u00d3N TRABAJ\u00d3 CON DIRECTORES DE ESCUELAS PRIMARIAS Y SECUNDARIAS SOBRE EL RESULTADO DE LOS DIAGN\u00d3STICOS A PARTIR DE LOS SABERES DE LOS ESTUDIANTES"},"content":{"rendered":"\n<p><\/p>\n\n\n\n<p><strong>El Ministerio de Educaci\u00f3n, a trav\u00e9s de las subsecretar\u00edas de Educaci\u00f3n y Descentralizaci\u00f3n Educativa, reuni\u00f3 a directores de escuelas primarias y secundarias de las regionales educativas 10 A, B y C, para concretar la devoluci\u00f3n de los resultados de las pruebas diagn\u00f3sticas,&nbsp; realizadas el 24 y 25 de abril pasado, a estudiantes de primer a\u00f1o de las instituciones nivel Secundario y de la modalidad de Educaci\u00f3n T\u00e9cnica. Este encuentro de trabajo tuvo lugar en el sal\u00f3n de usos m\u00faltiples Instituto San Fernando Rey de Resistencia y estuvo a cargo de la Unidad Jurisdiccional de Alfabetizaci\u00f3n del Plan \u201cSomos Alfabetizaci\u00f3n Chaco 2024-2027\u201d y del equipo del Departamento de Evaluaci\u00f3n de la Direcci\u00f3n General de Planeamiento y Evaluaci\u00f3n de la Calidad Educativa.<\/strong><\/p>\n\n\n\n<p>Acompa\u00f1aron el desarrollo de esta jornada de trabajo los directores regionales, la directora de Nivel Primario junto a los equipos pedag\u00f3gicos de nivel secundario y los supervisores. En la oportunidad, Alba Granada, coordinadora jurisdiccional del Plan de Alfabetizaci\u00f3n, detall\u00f3 que hace m\u00e1s de un mes el Ministerio de Educaci\u00f3n realiz\u00f3 las evaluaciones diagn\u00f3sticas en las \u00e1reas de Lengua y Matem\u00e1tica a los ingresantes de todas las escuelas secundarias comunes y t\u00e9cnicas con el objetivo de recabar informaci\u00f3n relevante acerca de los saberes con que llegaron los estudiantes a este nivel educativo&#8221;.<br>Coment\u00f3 que \u201cen esta devoluci\u00f3n nosotros presentamos los resultados obtenidos por los alumnos de todas las escuelas secundarias de la provincia en este operativo censal, que se realiz\u00f3 por primera vez en nuestra provincia, para la obtenci\u00f3n de datos que nos demuestren cu\u00e1l es la situaci\u00f3n de ellos tanto en Lengua como en Matem\u00e1tica\u201d. Adem\u00e1s, se\u00f1al\u00f3 que en esta oportunidad tambi\u00e9n se desarroll\u00f3 una capacitaci\u00f3n sobre el uso del dato para la gesti\u00f3n institucional, as\u00ed como tambi\u00e9n&nbsp; sobre alfabetizaci\u00f3n avanzada en una articulaci\u00f3n entre los niveles Primario y Secundario.<br>\u201cEste encuentro es sumamente importante, porque es la primera vez que nos encontramos presencialmente en una jornada de trabajo los directores de las escuelas primarias y secundarias\u201d, manifest\u00f3 Granada. Asegur\u00f3 que \u201cse realizar\u00e1n fuertes acciones para que esta articulaci\u00f3n impacte en las trayectorias educativas de los alumnos, para que el paso de un nivel al otro no sea una situaci\u00f3n traum\u00e1tica que les impida continuar con sus trayectorias educativas\u201d.<br>Asimismo, el director de la Regi\u00f3n Educativa 10 A y 10 B, Manuel Acevedo,&nbsp; expres\u00f3: \u201cTenemos que resaltar como valor fundamental que estos datos de los diagn\u00f3sticos que hoy se ofrecen van a resultar muy importantes para el trabajo que van a llevar adelante las distintas instituciones, en una articulaci\u00f3n entre los niveles Primario y Secundario, para poder brindarles a todos los chicos una educaci\u00f3n de calidad, que es el compromiso que tenemos como gobierno\u201d.<br>Por su parte, la directora de Nivel Primario, Natalia Hauptmann, manifest\u00f3 su satisfacci\u00f3n por la gran convocatoria de esta reuni\u00f3n, destacando que: \u201cNos permite contextualizar la situaci\u00f3n en la que se encuentran los aprendizajes de nuestros estudiantes. Es fundamental que trabajemos de manera articulada para dise\u00f1ar estrategias m\u00e1s oportunas tendientes a que nuestros alumnos mejoren sus aprendizajes\u201d.<br>En tanto que la directora de la Regi\u00f3n Educativa 10 C, Miriam G\u00f3mez, sostuvo que: \u201ces un encuentro presencial necesario de hace mucho tiempo para poder evaluar la situaci\u00f3n de los alumnos ingresantes del Nivel Secundario\u201d, se\u00f1alando que \u201ces para poder socializar, ver el impacto y poder trabajar desde el dato para fortalecer la alfabetizaci\u00f3n avanzada en todos los niveles\u201d. Subray\u00f3 que: \u201cera necesario este encuentro porque tanto los directores de nivel Primario como del nivel Secundario, tienen que conocer y poder comunicarse para llevar a cabo ese proyecto de interconexi\u00f3n que tiene que haber entre niveles para poder lograr resultados; se tiene que potenciar el trabajo en equipo, que era una demanda de hace mucho tiempo\u201d.<\/p>\n","protected":false},"excerpt":{"rendered":"<p>El Ministerio de Educaci\u00f3n, a trav\u00e9s de las subsecretar\u00edas de Educaci\u00f3n y Descentralizaci\u00f3n Educativa, reuni\u00f3 a directores de escuelas primarias y secundarias de las regionales educativas 10 A, B y C, para concretar la devoluci\u00f3n de los resultados de las pruebas diagn\u00f3sticas,&nbsp; realizadas el 24 y 25 de abril pasado, a estudiantes de primer a\u00f1o [&hellip;]<\/p>\n","protected":false},"author":2,"featured_media":8626,"comment_status":"open","ping_status":"open","sticky":false,"template":"","format":"standard","meta":{"footnotes":""},"categories":[28],"tags":[],"class_list":{"0":"post-8625","1":"post","2":"type-post","3":"status-publish","4":"format-standard","5":"has-post-thumbnail","7":"category-locales"},"aioseo_notices":[],"_links":{"self":[{"href":"https:\/\/lalupa24.com.ar\/index.php\/wp-json\/wp\/v2\/posts\/8625","targetHints":{"allow":["GET"]}}],"collection":[{"href":"https:\/\/lalupa24.com.ar\/index.php\/wp-json\/wp\/v2\/posts"}],"about":[{"href":"https:\/\/lalupa24.com.ar\/index.php\/wp-json\/wp\/v2\/types\/post"}],"author":[{"embeddable":true,"href":"https:\/\/lalupa24.com.ar\/index.php\/wp-json\/wp\/v2\/users\/2"}],"replies":[{"embeddable":true,"href":"https:\/\/lalupa24.com.ar\/index.php\/wp-json\/wp\/v2\/comments?post=8625"}],"version-history":[{"count":1,"href":"https:\/\/lalupa24.com.ar\/index.php\/wp-json\/wp\/v2\/posts\/8625\/revisions"}],"predecessor-version":[{"id":8627,"href":"https:\/\/lalupa24.com.ar\/index.php\/wp-json\/wp\/v2\/posts\/8625\/revisions\/8627"}],"wp:featuredmedia":[{"embeddable":true,"href":"https:\/\/lalupa24.com.ar\/index.php\/wp-json\/wp\/v2\/media\/8626"}],"wp:attachment":[{"href":"https:\/\/lalupa24.com.ar\/index.php\/wp-json\/wp\/v2\/media?parent=8625"}],"wp:term":[{"taxonomy":"category","embeddable":true,"href":"https:\/\/lalupa24.com.ar\/index.php\/wp-json\/wp\/v2\/categories?post=8625"},{"taxonomy":"post_tag","embeddable":true,"href":"https:\/\/lalupa24.com.ar\/index.php\/wp-json\/wp\/v2\/tags?post=8625"}],"curies":[{"name":"wp","href":"https:\/\/api.w.org\/{rel}","templated":true}]}}