{"id":8636,"date":"2025-06-17T09:19:31","date_gmt":"2025-06-17T12:19:31","guid":{"rendered":"https:\/\/lalupa24.com.ar\/?p=8636"},"modified":"2025-06-17T09:19:32","modified_gmt":"2025-06-17T12:19:32","slug":"interinatos-y-suplencias-para-docentes-de-pueblos-originarios","status":"publish","type":"post","link":"https:\/\/lalupa24.com.ar\/index.php\/2025\/06\/17\/interinatos-y-suplencias-para-docentes-de-pueblos-originarios\/","title":{"rendered":"Interinatos y suplencias para docentes de pueblos originarios"},"content":{"rendered":"\n<p>La Junta de Clasificaci\u00f3n Poliniveles para la Educaci\u00f3n Biling\u00fce Intercultural realiz\u00f3 inscripciones en territorio en las localidades correspondientes a la Regi\u00f3n 1. En esta oportunidad, las inscripciones corresponden a interinatos y suplencias,\u00a0 \u201cPeriodo Ordinario A\u201d, de los niveles Secundario y Superior.<em><br><br><\/em>El trabajo en territorio estuvo a cargo de Mirta Mendroc, miembro oficial; Maximiliano Eme, miembro titular por el pueblo Moqoit; Evelin Mendoza, miembro titular por el pueblo Wichi; Nanci Alejo y Luis L\u00f3pez, integrantes del equipo t\u00e9cnico. Al respecto, Mendroc precis\u00f3 que se inscribieron aproximadamente 30 docentes, y que la inscripci\u00f3n se extiende hasta el 30 de junio, &#8220;por lo que los docentes todav\u00eda tienen tiempo de inscribirse\u201d.\u00a0<\/p>\n\n\n\n<p>Se recuerda a los interesados que las mismas se pueden realizar a trav\u00e9s de Tu Gobierno Digital, aplicaci\u00f3n S.I.E, as\u00ed como tambi\u00e9n al correo electr\u00f3nico juntaebiichaco@gmail.com, o bien de manera presencial en la Junta EBII, ubicada en Av. San Mart\u00edn N\u00b0 331, tercer piso, ala \u201cB\u201d, Resistencia.<\/p>\n","protected":false},"excerpt":{"rendered":"<p>La Junta de Clasificaci\u00f3n Poliniveles para la Educaci\u00f3n Biling\u00fce Intercultural realiz\u00f3 inscripciones en territorio en las localidades correspondientes a la Regi\u00f3n 1. En esta oportunidad, las inscripciones corresponden a interinatos y suplencias,\u00a0 \u201cPeriodo Ordinario A\u201d, de los niveles Secundario y Superior. El trabajo en territorio estuvo a cargo de Mirta Mendroc, miembro oficial; Maximiliano Eme, [&hellip;]<\/p>\n","protected":false},"author":2,"featured_media":8637,"comment_status":"open","ping_status":"open","sticky":false,"template":"","format":"standard","meta":{"footnotes":""},"categories":[28],"tags":[],"class_list":{"0":"post-8636","1":"post","2":"type-post","3":"status-publish","4":"format-standard","5":"has-post-thumbnail","7":"category-locales"},"aioseo_notices":[],"_links":{"self":[{"href":"https:\/\/lalupa24.com.ar\/index.php\/wp-json\/wp\/v2\/posts\/8636","targetHints":{"allow":["GET"]}}],"collection":[{"href":"https:\/\/lalupa24.com.ar\/index.php\/wp-json\/wp\/v2\/posts"}],"about":[{"href":"https:\/\/lalupa24.com.ar\/index.php\/wp-json\/wp\/v2\/types\/post"}],"author":[{"embeddable":true,"href":"https:\/\/lalupa24.com.ar\/index.php\/wp-json\/wp\/v2\/users\/2"}],"replies":[{"embeddable":true,"href":"https:\/\/lalupa24.com.ar\/index.php\/wp-json\/wp\/v2\/comments?post=8636"}],"version-history":[{"count":1,"href":"https:\/\/lalupa24.com.ar\/index.php\/wp-json\/wp\/v2\/posts\/8636\/revisions"}],"predecessor-version":[{"id":8638,"href":"https:\/\/lalupa24.com.ar\/index.php\/wp-json\/wp\/v2\/posts\/8636\/revisions\/8638"}],"wp:featuredmedia":[{"embeddable":true,"href":"https:\/\/lalupa24.com.ar\/index.php\/wp-json\/wp\/v2\/media\/8637"}],"wp:attachment":[{"href":"https:\/\/lalupa24.com.ar\/index.php\/wp-json\/wp\/v2\/media?parent=8636"}],"wp:term":[{"taxonomy":"category","embeddable":true,"href":"https:\/\/lalupa24.com.ar\/index.php\/wp-json\/wp\/v2\/categories?post=8636"},{"taxonomy":"post_tag","embeddable":true,"href":"https:\/\/lalupa24.com.ar\/index.php\/wp-json\/wp\/v2\/tags?post=8636"}],"curies":[{"name":"wp","href":"https:\/\/api.w.org\/{rel}","templated":true}]}}