{"id":8639,"date":"2025-06-17T09:21:33","date_gmt":"2025-06-17T12:21:33","guid":{"rendered":"https:\/\/lalupa24.com.ar\/?p=8639"},"modified":"2025-06-17T09:21:35","modified_gmt":"2025-06-17T12:21:35","slug":"un-hombre-fue-detenido-con-un-arma-blanca","status":"publish","type":"post","link":"https:\/\/lalupa24.com.ar\/index.php\/2025\/06\/17\/un-hombre-fue-detenido-con-un-arma-blanca\/","title":{"rendered":"Un hombre fue detenido con un arma blanca"},"content":{"rendered":"\n<p>El hecho se produjo alrededor de las 00:10, cuando personal de la Comisar\u00eda de Las Bre\u00f1as realizaba recorridas preventivas por calle Mercante y cortada 7. All\u00ed observaron a un hombre caminando, quien al notar la presencia policial emprendi\u00f3 la fuga, ante esta acci\u00f3n, iniciaron un seguimiento. El sujeto fue interceptado en calle cortada 1 entre 6 y 7. Durante su detenci\u00f3n, extrajo de sus prendas un cuchillo tipo serrucho y lesion\u00f3 en el antebrazo izquierdo a un efectivo.<\/p>\n\n\n\n<p>En el lugar se secuestr\u00f3 un cuchillo marca Tramontina con cabo de madera y un reloj digital sin marca visible, con un cable USB negro. El sujeto fue trasladado al hospital local, y tras ser identificado, establecieron que se trataba de un hombre 30 a\u00f1os. Posteriormente, recabaron informaci\u00f3n que el reloj incautado estaba denunciado como robado en una causa iniciada el 11 de junio. La Fiscal\u00eda N\u00b02 de Charata, dispuso la aprehensi\u00f3n sujeto por Supuesto robo y atentado y resistencia contra la autoridad y lesiones leves, adem\u00e1s de la restituci\u00f3n del elemento sustra\u00eddo a su propietaria.<\/p>\n","protected":false},"excerpt":{"rendered":"<p>El hecho se produjo alrededor de las 00:10, cuando personal de la Comisar\u00eda de Las Bre\u00f1as realizaba recorridas preventivas por calle Mercante y cortada 7. All\u00ed observaron a un hombre caminando, quien al notar la presencia policial emprendi\u00f3 la fuga, ante esta acci\u00f3n, iniciaron un seguimiento. El sujeto fue interceptado en calle cortada 1 entre [&hellip;]<\/p>\n","protected":false},"author":2,"featured_media":8640,"comment_status":"open","ping_status":"open","sticky":false,"template":"","format":"standard","meta":{"footnotes":""},"categories":[155],"tags":[],"class_list":{"0":"post-8639","1":"post","2":"type-post","3":"status-publish","4":"format-standard","5":"has-post-thumbnail","7":"category-policiales"},"aioseo_notices":[],"_links":{"self":[{"href":"https:\/\/lalupa24.com.ar\/index.php\/wp-json\/wp\/v2\/posts\/8639","targetHints":{"allow":["GET"]}}],"collection":[{"href":"https:\/\/lalupa24.com.ar\/index.php\/wp-json\/wp\/v2\/posts"}],"about":[{"href":"https:\/\/lalupa24.com.ar\/index.php\/wp-json\/wp\/v2\/types\/post"}],"author":[{"embeddable":true,"href":"https:\/\/lalupa24.com.ar\/index.php\/wp-json\/wp\/v2\/users\/2"}],"replies":[{"embeddable":true,"href":"https:\/\/lalupa24.com.ar\/index.php\/wp-json\/wp\/v2\/comments?post=8639"}],"version-history":[{"count":1,"href":"https:\/\/lalupa24.com.ar\/index.php\/wp-json\/wp\/v2\/posts\/8639\/revisions"}],"predecessor-version":[{"id":8641,"href":"https:\/\/lalupa24.com.ar\/index.php\/wp-json\/wp\/v2\/posts\/8639\/revisions\/8641"}],"wp:featuredmedia":[{"embeddable":true,"href":"https:\/\/lalupa24.com.ar\/index.php\/wp-json\/wp\/v2\/media\/8640"}],"wp:attachment":[{"href":"https:\/\/lalupa24.com.ar\/index.php\/wp-json\/wp\/v2\/media?parent=8639"}],"wp:term":[{"taxonomy":"category","embeddable":true,"href":"https:\/\/lalupa24.com.ar\/index.php\/wp-json\/wp\/v2\/categories?post=8639"},{"taxonomy":"post_tag","embeddable":true,"href":"https:\/\/lalupa24.com.ar\/index.php\/wp-json\/wp\/v2\/tags?post=8639"}],"curies":[{"name":"wp","href":"https:\/\/api.w.org\/{rel}","templated":true}]}}