{"id":8796,"date":"2025-06-20T13:04:50","date_gmt":"2025-06-20T16:04:50","guid":{"rendered":"https:\/\/lalupa24.com.ar\/?p=8796"},"modified":"2025-06-20T13:04:50","modified_gmt":"2025-06-20T16:04:50","slug":"desde-rosario-villarruel-le-envio-un-mensaje-a-milei-no-hay-otro-lugar-en-argentina-para-estar-mas-que-aca","status":"publish","type":"post","link":"https:\/\/lalupa24.com.ar\/index.php\/2025\/06\/20\/desde-rosario-villarruel-le-envio-un-mensaje-a-milei-no-hay-otro-lugar-en-argentina-para-estar-mas-que-aca\/","title":{"rendered":"Desde Rosario, Villarruel le envi\u00f3 un mensaje a Milei: \u201cNo hay otro lugar en Argentina para estar m\u00e1s que ac\u00e1\u201d"},"content":{"rendered":"\n<p>La vicepresidenta hizo alusi\u00f3n a la ausencia del mandatario en el habitual acto que se celebra en la ciudad de Rosario por el D\u00eda de la Bandera.<\/p>\n\n\n\n<p>Desde Rosario, Villarruel le envi\u00f3 un mensaje a Milei: \u201cNo hay otro lugar en Argentina para estar m\u00e1s que ac\u00e1\u201d<\/p>\n\n\n\n<p>La vicepresidenta Victoria Villarruel le envi\u00f3 un mensaje al presidente Javier Milei desde la ciudad de Rosario, donde particip\u00f3 del habitual acto en conmemoraci\u00f3n por el D\u00eda de la Bandera, e hizo eco de la ausencia en la ceremonia de su compa\u00f1ero de f\u00f3rmula.<\/p>\n\n\n\n<p>\u201cLa verdad es que no hay otro lugar en Argentina para estar m\u00e1s que ac\u00e1\u201d, sentenci\u00f3 en declaraciones a Cadena 3, ya que por cuestiones protocolares no pudo tomar la palabra durante la ceremonia organizada por el gobernador de Santa Fe, Maximiliano Pullaro, y el intendente local, Pablo Javkin.<\/p>\n\n\n\n<p>En la misma l\u00ednea, remarc\u00f3: \u201cEstoy muy contenta de estar en Rosario en el D\u00eda de la Bandera, donde se cre\u00f3, ac\u00e1 en las orillas del Paran\u00e1, as\u00ed que qu\u00e9 mejor lugar para estar honrando al general Manuel Belgrano que estar ac\u00e1, en Rosario\u201d.<\/p>\n\n\n\n<p>\u201cMuy agradecida de la invitaci\u00f3n que me han dispensado el gobernador y el intendente para estar ac\u00e1 presente y acompa\u00f1ando a todos los que van a jurar lealtad a la bandera\u201d, sostuvo tras la negativa del libertario a asistir por \u201dcuestiones de agenda&#8221;.<\/p>\n\n\n\n<p>Por su parte, la titular del Senado insisti\u00f3: &#8220;La verdad es que no hay otro lugar en Argentina para estar. El Monumento a la Bandera es nuestro signo m\u00e1s distintivo, que tiene que ver con la importancia de esta fecha, as\u00ed que definitivamente el mejor lugar para estar\u201d.<\/p>\n\n\n\n<p>\u201cMi mensaje siempre para el pueblo argentino es que tenemos que apuntar a la unidad, y como dijo Manuel Belgrano, muchos de los problemas y las dificultades que tenemos se resolver\u00edan r\u00e1pidamente si tuvi\u00e9ramos un poquito m\u00e1s de inter\u00e9s en la patria\u201d, remarc\u00f3.<\/p>\n\n\n\n<p>La vicepresidenta revel\u00f3 adem\u00e1s que no fue invitada al acto que protagoniz\u00f3 el mandatario este mediod\u00eda en el Campo Argentino de Polo de la Ciudad de Buenos Aires, junto a gran parte de su Gabinete, desde donde reafirm\u00f3 su compromiso con las Fuerzas Armadas.<\/p>\n\n\n\n<p>&#8220;Durante a\u00f1os, la pol\u00edtica utiliz\u00f3 a las Fuerzas Armadas como un chivo expiatorio para justificar la reducci\u00f3n del gasto en defensa, bajo el argumento de que los uniformados eran los malos y los grandes culpables de la decadencia nacional&#8221;, cuestion\u00f3 el libertario desde el escenario.<\/p>\n\n\n\n<p>En la misma l\u00ednea, y ante la presencia de varios funcionarios y del titular de la C\u00e1mara de Diputados, Mart\u00edn Menem, sum\u00f3: &#8220;La pol\u00edtica desatendi\u00f3 las necesidades del pa\u00eds ante las nuevas amenazas que surg\u00edan a nivel global. Como si fuera poco, en paralelo se llenaron la boca hablando de soberan\u00eda, como si la soberan\u00eda fuera agrandar el Estado con un fin en s\u00ed mismo, en lugar de asegurar la prosperidad de su pueblo&#8221;.<\/p>\n\n\n\n<p>&#8220;Una verdadera deshonra para aquellos que forjaron nuestra Patria poniendo en juego su vida durante las guerras de la Independencia y marcaron el punto de partida para la libertad de los argentinos. Esto que digo no son meramente palabras: lo construimos con cada una de las decisiones que tomamos en materia de defensa, y esperamos que ustedes obren a conciencia de las mismas&#8221;, concluy\u00f3.<\/p>\n","protected":false},"excerpt":{"rendered":"<p>La vicepresidenta hizo alusi\u00f3n a la ausencia del mandatario en el habitual acto que se celebra en la ciudad de Rosario por el D\u00eda de la Bandera. Desde Rosario, Villarruel le envi\u00f3 un mensaje a Milei: \u201cNo hay otro lugar en Argentina para estar m\u00e1s que ac\u00e1\u201d La vicepresidenta Victoria Villarruel le envi\u00f3 un mensaje [&hellip;]<\/p>\n","protected":false},"author":11,"featured_media":8797,"comment_status":"open","ping_status":"open","sticky":false,"template":"","format":"standard","meta":{"footnotes":""},"categories":[26],"tags":[],"class_list":{"0":"post-8796","1":"post","2":"type-post","3":"status-publish","4":"format-standard","5":"has-post-thumbnail","7":"category-nacionales"},"aioseo_notices":[],"_links":{"self":[{"href":"https:\/\/lalupa24.com.ar\/index.php\/wp-json\/wp\/v2\/posts\/8796","targetHints":{"allow":["GET"]}}],"collection":[{"href":"https:\/\/lalupa24.com.ar\/index.php\/wp-json\/wp\/v2\/posts"}],"about":[{"href":"https:\/\/lalupa24.com.ar\/index.php\/wp-json\/wp\/v2\/types\/post"}],"author":[{"embeddable":true,"href":"https:\/\/lalupa24.com.ar\/index.php\/wp-json\/wp\/v2\/users\/11"}],"replies":[{"embeddable":true,"href":"https:\/\/lalupa24.com.ar\/index.php\/wp-json\/wp\/v2\/comments?post=8796"}],"version-history":[{"count":1,"href":"https:\/\/lalupa24.com.ar\/index.php\/wp-json\/wp\/v2\/posts\/8796\/revisions"}],"predecessor-version":[{"id":8798,"href":"https:\/\/lalupa24.com.ar\/index.php\/wp-json\/wp\/v2\/posts\/8796\/revisions\/8798"}],"wp:featuredmedia":[{"embeddable":true,"href":"https:\/\/lalupa24.com.ar\/index.php\/wp-json\/wp\/v2\/media\/8797"}],"wp:attachment":[{"href":"https:\/\/lalupa24.com.ar\/index.php\/wp-json\/wp\/v2\/media?parent=8796"}],"wp:term":[{"taxonomy":"category","embeddable":true,"href":"https:\/\/lalupa24.com.ar\/index.php\/wp-json\/wp\/v2\/categories?post=8796"},{"taxonomy":"post_tag","embeddable":true,"href":"https:\/\/lalupa24.com.ar\/index.php\/wp-json\/wp\/v2\/tags?post=8796"}],"curies":[{"name":"wp","href":"https:\/\/api.w.org\/{rel}","templated":true}]}}