{"id":8799,"date":"2025-06-20T13:12:02","date_gmt":"2025-06-20T16:12:02","guid":{"rendered":"https:\/\/lalupa24.com.ar\/?p=8799"},"modified":"2025-06-20T13:12:03","modified_gmt":"2025-06-20T16:12:03","slug":"irak-ordenan-vigilar-riesgos-de-radiacion-en-medio-de-tensiones-regionales","status":"publish","type":"post","link":"https:\/\/lalupa24.com.ar\/index.php\/2025\/06\/20\/irak-ordenan-vigilar-riesgos-de-radiacion-en-medio-de-tensiones-regionales\/","title":{"rendered":"Irak: ordenan vigilar riesgos de radiaci\u00f3n en medio de tensiones regionales"},"content":{"rendered":"\n<p>El conflicto armado Ir\u00e1n-Israel genera preocupaciones en la regi\u00f3n.<\/p>\n\n\n\n<p>El primer ministro de Irak, Mohammed Shia\u2019 al-Sudani, orden\u00f3 a los organismos pertinentes&nbsp; seguir vigilando potenciales riesgos de radiaci\u00f3n en medio del conflicto Israel-Ir\u00e1n.<\/p>\n\n\n\n<p>Al-Sudani dio la orden durante una reuni\u00f3n de la Sala Central de&nbsp; Operaciones de Emergencia de Incidentes Radiol\u00f3gicos y Nucleares para evaluar la preparaci\u00f3n del pa\u00eds para abordar posibles emergencias, se indic\u00f3 en una declaraci\u00f3n emitida por su oficina deprensa.<\/p>\n\n\n\n<p>Los especialistas informaron a Al-Sudani que no se detect\u00f3 un incremento en los niveles de radiaci\u00f3n de fondo en todo Irak, a\u00f1adi\u00f3, seg\u00fan una informaci\u00f3n de la agencia de noticias Xinhua.<\/p>\n\n\n\n<p>La sala de operaciones de emergencia tambi\u00e9n reafirm\u00f3 la \u201cplena preparaci\u00f3n de los equipos de respuesta para emprender los procedimientos necesarios en caso de una emergencia radiol\u00f3gica\u201d,agreg\u00f3.<\/p>\n\n\n\n<p>Mientras el conflicto israel\u00ed-iran\u00ed sigue agrav\u00e1ndose, los informes de ataques a\u00e9reos israel\u00edes contra centrales nucleares iran\u00edes incrementaron las preocupaciones de la regi\u00f3n por potenciales fugas de radiaci\u00f3n.<\/p>\n","protected":false},"excerpt":{"rendered":"<p>El conflicto armado Ir\u00e1n-Israel genera preocupaciones en la regi\u00f3n. El primer ministro de Irak, Mohammed Shia\u2019 al-Sudani, orden\u00f3 a los organismos pertinentes&nbsp; seguir vigilando potenciales riesgos de radiaci\u00f3n en medio del conflicto Israel-Ir\u00e1n. Al-Sudani dio la orden durante una reuni\u00f3n de la Sala Central de&nbsp; Operaciones de Emergencia de Incidentes Radiol\u00f3gicos y Nucleares para evaluar [&hellip;]<\/p>\n","protected":false},"author":11,"featured_media":8800,"comment_status":"open","ping_status":"open","sticky":false,"template":"","format":"standard","meta":{"footnotes":""},"categories":[25],"tags":[],"class_list":{"0":"post-8799","1":"post","2":"type-post","3":"status-publish","4":"format-standard","5":"has-post-thumbnail","7":"category-internacionales"},"aioseo_notices":[],"_links":{"self":[{"href":"https:\/\/lalupa24.com.ar\/index.php\/wp-json\/wp\/v2\/posts\/8799","targetHints":{"allow":["GET"]}}],"collection":[{"href":"https:\/\/lalupa24.com.ar\/index.php\/wp-json\/wp\/v2\/posts"}],"about":[{"href":"https:\/\/lalupa24.com.ar\/index.php\/wp-json\/wp\/v2\/types\/post"}],"author":[{"embeddable":true,"href":"https:\/\/lalupa24.com.ar\/index.php\/wp-json\/wp\/v2\/users\/11"}],"replies":[{"embeddable":true,"href":"https:\/\/lalupa24.com.ar\/index.php\/wp-json\/wp\/v2\/comments?post=8799"}],"version-history":[{"count":1,"href":"https:\/\/lalupa24.com.ar\/index.php\/wp-json\/wp\/v2\/posts\/8799\/revisions"}],"predecessor-version":[{"id":8801,"href":"https:\/\/lalupa24.com.ar\/index.php\/wp-json\/wp\/v2\/posts\/8799\/revisions\/8801"}],"wp:featuredmedia":[{"embeddable":true,"href":"https:\/\/lalupa24.com.ar\/index.php\/wp-json\/wp\/v2\/media\/8800"}],"wp:attachment":[{"href":"https:\/\/lalupa24.com.ar\/index.php\/wp-json\/wp\/v2\/media?parent=8799"}],"wp:term":[{"taxonomy":"category","embeddable":true,"href":"https:\/\/lalupa24.com.ar\/index.php\/wp-json\/wp\/v2\/categories?post=8799"},{"taxonomy":"post_tag","embeddable":true,"href":"https:\/\/lalupa24.com.ar\/index.php\/wp-json\/wp\/v2\/tags?post=8799"}],"curies":[{"name":"wp","href":"https:\/\/api.w.org\/{rel}","templated":true}]}}