{"id":8906,"date":"2025-06-24T09:57:57","date_gmt":"2025-06-24T12:57:57","guid":{"rendered":"https:\/\/lalupa24.com.ar\/?p=8906"},"modified":"2025-06-24T09:57:59","modified_gmt":"2025-06-24T12:57:59","slug":"alfabetizacion-13-provincias-se-comprometieron-a-hacer-publicas-sus-metas-anuales","status":"publish","type":"post","link":"https:\/\/lalupa24.com.ar\/index.php\/2025\/06\/24\/alfabetizacion-13-provincias-se-comprometieron-a-hacer-publicas-sus-metas-anuales\/","title":{"rendered":"Alfabetizaci\u00f3n: 13 provincias se comprometieron a hacer p\u00fablicas sus metas anuales"},"content":{"rendered":"\n<p>Trece gobernadores asumieron el compromiso de presentar p\u00fablicamente sus metas anuales de alfabetizaci\u00f3n, en una iniciativa que involucra a las provincias de<strong>\u00a0Chaco, Chubut, C\u00f3rdoba, Entre R\u00edos, Jujuy, La Rioja, Mendoza, Misiones, R\u00edo Negro, San Juan, San Luis, Santa Fe y Tierra del Fuego<\/strong>, como parte de la\u00a0<strong>Campa\u00f1a Nacional por la Alfabetizaci\u00f3n<\/strong>\u00a0impulsada desde 2023 por Argentinos por la Educaci\u00f3n junto con 200 organizaciones de la sociedad civil.<\/p>\n","protected":false},"excerpt":{"rendered":"<p>Trece gobernadores asumieron el compromiso de presentar p\u00fablicamente sus metas anuales de alfabetizaci\u00f3n, en una iniciativa que involucra a las provincias de\u00a0Chaco, Chubut, C\u00f3rdoba, Entre R\u00edos, Jujuy, La Rioja, Mendoza, Misiones, R\u00edo Negro, San Juan, San Luis, Santa Fe y Tierra del Fuego, como parte de la\u00a0Campa\u00f1a Nacional por la Alfabetizaci\u00f3n\u00a0impulsada desde 2023 por Argentinos [&hellip;]<\/p>\n","protected":false},"author":2,"featured_media":8907,"comment_status":"open","ping_status":"open","sticky":false,"template":"","format":"standard","meta":{"footnotes":""},"categories":[26],"tags":[],"class_list":{"0":"post-8906","1":"post","2":"type-post","3":"status-publish","4":"format-standard","5":"has-post-thumbnail","7":"category-nacionales"},"aioseo_notices":[],"_links":{"self":[{"href":"https:\/\/lalupa24.com.ar\/index.php\/wp-json\/wp\/v2\/posts\/8906","targetHints":{"allow":["GET"]}}],"collection":[{"href":"https:\/\/lalupa24.com.ar\/index.php\/wp-json\/wp\/v2\/posts"}],"about":[{"href":"https:\/\/lalupa24.com.ar\/index.php\/wp-json\/wp\/v2\/types\/post"}],"author":[{"embeddable":true,"href":"https:\/\/lalupa24.com.ar\/index.php\/wp-json\/wp\/v2\/users\/2"}],"replies":[{"embeddable":true,"href":"https:\/\/lalupa24.com.ar\/index.php\/wp-json\/wp\/v2\/comments?post=8906"}],"version-history":[{"count":1,"href":"https:\/\/lalupa24.com.ar\/index.php\/wp-json\/wp\/v2\/posts\/8906\/revisions"}],"predecessor-version":[{"id":8908,"href":"https:\/\/lalupa24.com.ar\/index.php\/wp-json\/wp\/v2\/posts\/8906\/revisions\/8908"}],"wp:featuredmedia":[{"embeddable":true,"href":"https:\/\/lalupa24.com.ar\/index.php\/wp-json\/wp\/v2\/media\/8907"}],"wp:attachment":[{"href":"https:\/\/lalupa24.com.ar\/index.php\/wp-json\/wp\/v2\/media?parent=8906"}],"wp:term":[{"taxonomy":"category","embeddable":true,"href":"https:\/\/lalupa24.com.ar\/index.php\/wp-json\/wp\/v2\/categories?post=8906"},{"taxonomy":"post_tag","embeddable":true,"href":"https:\/\/lalupa24.com.ar\/index.php\/wp-json\/wp\/v2\/tags?post=8906"}],"curies":[{"name":"wp","href":"https:\/\/api.w.org\/{rel}","templated":true}]}}