{"id":8909,"date":"2025-06-24T09:59:11","date_gmt":"2025-06-24T12:59:11","guid":{"rendered":"https:\/\/lalupa24.com.ar\/?p=8909"},"modified":"2025-06-24T09:59:13","modified_gmt":"2025-06-24T12:59:13","slug":"red-aprende-se-inicio-la-capacitacion-para-bibliotecarios-2025-que-seguira-fortaleciendo-la-alfabetizacion-informacional","status":"publish","type":"post","link":"https:\/\/lalupa24.com.ar\/index.php\/2025\/06\/24\/red-aprende-se-inicio-la-capacitacion-para-bibliotecarios-2025-que-seguira-fortaleciendo-la-alfabetizacion-informacional\/","title":{"rendered":"RED APRENDE: SE INICI\u00d3 LA CAPACITACI\u00d3N PARA BIBLIOTECARIOS 2025 QUE SEGUIR\u00c1 FORTALECIENDO LA ALFABETIZACI\u00d3N INFORMACIONAL"},"content":{"rendered":"\n<p>El Ministerio de Educaci\u00f3n de Chaco, a trav\u00e9s de las direcciones del Servicio Bibliotecario Provincial y de Educaci\u00f3n Superior, llev\u00f3 adelante el primer encuentro de capacitaci\u00f3n sincr\u00f3nica del a\u00f1o para los docentes bibliotecarios de toda la provincia &#8220;Los desaf\u00edos de profesionales y la ALFIN en el \u00e1mbito educativo&#8221;. Esto se desarrolla en el marco del Programa de Capacitaci\u00f3n Docente Gratuita y en Servicio &#8220;Red Aprende&#8221; y se transmiti\u00f3 a trav\u00e9s del canal de Youtube de la plataforma Somos Futuro. &nbsp;<br>En la oportunidad, la directora del Servicio Bibliotecario Provincial, Claudia Alejandra Iglesias, al dar inicio a este trayecto de formaci\u00f3n, destac\u00f3: &#8220;Este es un d\u00eda de celebraci\u00f3n porque iniciamos esta capacitaci\u00f3n espec\u00edfica para todos los bibliotecarios con y sin cargo de la provincia del Chaco&#8221;, se\u00f1alando que &#8220;es una capacitaci\u00f3n en servicio destinada a fortalecer las competencias informacionales de nuestros bibliotecarios&#8221;.&nbsp;<br>Al respecto, dijo que a trav\u00e9s de esta formaci\u00f3n se pretende que los bibliotecarios &#8220;puedan gestionar la informaci\u00f3n de manera acertada y eficiente, ese es nuestro objetivo&#8221;. &#8220;Por eso, en esta primera instancia nos abocamos espec\u00edficamente a evaluar nuestro accionar, nuestra pr\u00e1ctica en lo que refiere a la gesti\u00f3n de los recursos que disponemos dentro de las bibliotecas&#8221;, detall\u00f3 Iglesias.<\/p>\n\n\n\n<p>Una capacitaci\u00f3n espec\u00edfica que era muy esperada<br>La directora de la Biblioteca Escolar N\u00b0 251 &#8220;Jos\u00e9 Alberto Flores&#8221; de Presidencia Roque S\u00e1enz Pe\u00f1a, Laura Mabel Mikoff, particip\u00f3 con sus conocimientos de la exposici\u00f3n del primer m\u00f3dulo sobre &#8220;Los desaf\u00edos profesionales y la Alfabetizaci\u00f3n Informacional (ALFIN) en las instituciones educativas&#8221;, junto a la directora Claudia Iglesias.<br>&#8220;Terminamos de desarrollar el m\u00f3dulo 1 donde hablamos sobre el tema de la gesti\u00f3n bibliotecaria, la organizaci\u00f3n en la biblioteca y tambi\u00e9n sobre la sociedad de la informaci\u00f3n&#8221;, detall\u00f3 Mikoff, subrayando que esta capacitaci\u00f3n era muy esperada desde hace muchos a\u00f1os. En ese marco, la bibliotecaria, tambi\u00e9n formadora en el Profesorado en Bibliotecolog\u00eda del Instituto de Educaci\u00f3n Superior &#8220;Juan Mantovani&#8221; de Presidencia Roque S\u00e1enz Pe\u00f1a, dijo que a\u00f1os anteriores los bibliotecarios estaban incluidos en la capacitaci\u00f3n de otros niveles educativos. &#8220;A partir del a\u00f1o pasado, por una decisi\u00f3n pol\u00edtica del Gobierno y gracias a la gesti\u00f3n del Ministerio de Educaci\u00f3n a trav\u00e9s de la Direcci\u00f3n de Bibliotecas tenemos una capacitaci\u00f3n espec\u00edfica, bien t\u00e9cnica, que desde hace much\u00edsimos a\u00f1os anhel\u00e1bamos&#8221;.<\/p>\n","protected":false},"excerpt":{"rendered":"<p>El Ministerio de Educaci\u00f3n de Chaco, a trav\u00e9s de las direcciones del Servicio Bibliotecario Provincial y de Educaci\u00f3n Superior, llev\u00f3 adelante el primer encuentro de capacitaci\u00f3n sincr\u00f3nica del a\u00f1o para los docentes bibliotecarios de toda la provincia &#8220;Los desaf\u00edos de profesionales y la ALFIN en el \u00e1mbito educativo&#8221;. Esto se desarrolla en el marco del [&hellip;]<\/p>\n","protected":false},"author":2,"featured_media":8910,"comment_status":"open","ping_status":"open","sticky":false,"template":"","format":"standard","meta":{"footnotes":""},"categories":[28],"tags":[],"class_list":{"0":"post-8909","1":"post","2":"type-post","3":"status-publish","4":"format-standard","5":"has-post-thumbnail","7":"category-locales"},"aioseo_notices":[],"_links":{"self":[{"href":"https:\/\/lalupa24.com.ar\/index.php\/wp-json\/wp\/v2\/posts\/8909","targetHints":{"allow":["GET"]}}],"collection":[{"href":"https:\/\/lalupa24.com.ar\/index.php\/wp-json\/wp\/v2\/posts"}],"about":[{"href":"https:\/\/lalupa24.com.ar\/index.php\/wp-json\/wp\/v2\/types\/post"}],"author":[{"embeddable":true,"href":"https:\/\/lalupa24.com.ar\/index.php\/wp-json\/wp\/v2\/users\/2"}],"replies":[{"embeddable":true,"href":"https:\/\/lalupa24.com.ar\/index.php\/wp-json\/wp\/v2\/comments?post=8909"}],"version-history":[{"count":1,"href":"https:\/\/lalupa24.com.ar\/index.php\/wp-json\/wp\/v2\/posts\/8909\/revisions"}],"predecessor-version":[{"id":8911,"href":"https:\/\/lalupa24.com.ar\/index.php\/wp-json\/wp\/v2\/posts\/8909\/revisions\/8911"}],"wp:featuredmedia":[{"embeddable":true,"href":"https:\/\/lalupa24.com.ar\/index.php\/wp-json\/wp\/v2\/media\/8910"}],"wp:attachment":[{"href":"https:\/\/lalupa24.com.ar\/index.php\/wp-json\/wp\/v2\/media?parent=8909"}],"wp:term":[{"taxonomy":"category","embeddable":true,"href":"https:\/\/lalupa24.com.ar\/index.php\/wp-json\/wp\/v2\/categories?post=8909"},{"taxonomy":"post_tag","embeddable":true,"href":"https:\/\/lalupa24.com.ar\/index.php\/wp-json\/wp\/v2\/tags?post=8909"}],"curies":[{"name":"wp","href":"https:\/\/api.w.org\/{rel}","templated":true}]}}