{"id":8972,"date":"2025-06-25T10:43:27","date_gmt":"2025-06-25T13:43:27","guid":{"rendered":"https:\/\/lalupa24.com.ar\/?p=8972"},"modified":"2025-06-25T10:43:29","modified_gmt":"2025-06-25T13:43:29","slug":"trump-compara-ataque-de-ee-uu-a-iran-con-hiroshima-y-afirma-que-retraso-el-programa-nuclear-irani-por-decadas","status":"publish","type":"post","link":"https:\/\/lalupa24.com.ar\/index.php\/2025\/06\/25\/trump-compara-ataque-de-ee-uu-a-iran-con-hiroshima-y-afirma-que-retraso-el-programa-nuclear-irani-por-decadas\/","title":{"rendered":"Trump compara ataque de EE.UU. a Ir\u00e1n con Hiroshima y afirma que retras\u00f3 el programa nuclear iran\u00ed por d\u00e9cadas"},"content":{"rendered":"\n<p>Desde La Haya donde participa de la cumbre de OTAN, este mi\u00e9rcoles,\u00a0Donald Trump\u00a0elogi\u00f3 el bombardeo de estados unidos<a href=\"https:\/\/www.clarin.com\/mundo\/guerra-israel-iran-hoy-vivo-pasa-alto-fuego-impacto-ultimos-ataques-conflicto-oriente-medio-miercoles-25-junio_0_enmJNXnr9S.html\" target=\"_blank\" rel=\"noreferrer noopener\">\u00a0<\/a>contra Ir\u00e1n. Dijo que retras\u00f3 &#8220;d\u00e9cadas&#8221; el plan nuclear iran\u00ed. Y compar\u00f3 el ataque con las\u00a0bombas at\u00f3micas de Hiroshima y Nagasaki\u00a0que pusieron fin a la Segunda Guerra Mundial.<\/p>\n\n\n\n<p>Minutos antes de reunirse a puertas cerradas con los miembros de la Alianza Atl\u00e1nica, Trump habl\u00f3 con los medios para refutar un informe de inteligencia\u00a0filtrado a CNN y The New York times que afirma que el ataque de EE.UU. del s\u00e1bado apenas retras\u00f3 unos meses el plan nuclear iran\u00ed.<\/p>\n\n\n\n<p>Trump sostuvo que los ataques que orden\u00f3 contra las instalaciones nucleares iran\u00edes causaron una &#8220;destrucci\u00f3n total&#8221;.<\/p>\n\n\n\n<p>Arremetiendo contra los medios de comunicaci\u00f3n que informaron sobre los hallazgos, Trump argument\u00f3 que los ataques\u00a0retrasaron d\u00e9cadas las ambiciones nucleares de Ir\u00e1n.Aun as\u00ed, Trump reconoci\u00f3 que la informaci\u00f3n de inteligencia\u00a0era &#8220;no concluyente&#8221; y preliminar,\u00a0y sugiri\u00f3 que Israel proporcionar\u00eda un panorama m\u00e1s completo\u00a0en breve\u00a0con sus propios hallazgos.<\/p>\n\n\n\n<p>&#8220;La informaci\u00f3n de inteligencia\u00a0fue muy poco concluyente&#8221;, declar\u00f3 Trump en el marco de la cumbre de la OTAN en La Haya. &#8220;La informaci\u00f3n de inteligencia dice que no lo sabemos.\u00a0Pudo haber sido muy grave&#8221;.<\/p>\n\n\n\n<h2 class=\"wp-block-heading\"><\/h2>\n\n\n\n<p>Donald Trump tambi\u00e9n compar\u00f3 los ataques estadounidenses contra Ir\u00e1n con la decisi\u00f3n de su pa\u00eds de\u00a0lanzar bombas at\u00f3micas sobre Jap\u00f3n durante la Segunda Guerra Mundial.<\/p>\n\n\n\n<p>En su discurso en La Haya, Trump declar\u00f3: &#8220;(Los iran\u00edes) gastaron billones de d\u00f3lares intentando hacer esto (programa nuclear para tener una bomba at\u00f3mica), y no lo consiguieron, y de hecho nos llevamos muy bien con ellos ahora mismo&#8221;.<\/p>\n\n\n\n<p>&#8220;\u00bfPero si no hubi\u00e9ramos tenido \u00e9xito con ese ataque?&#8221;, pregunt\u00f3. &#8220;Ese ataque puso fin a la guerra. Ese ataque puso fin a la guerra. No quiero usar el ejemplo de Hiroshima ni el de Nagasaki, pero fue esencialmente lo mismo que puso fin a esa guerra. Esto puso fin a aquello, esto puso fin a esa guerra. Si no hubi\u00e9ramos eliminado eso, estar\u00edan luchando ahora mismo&#8221;, agreg\u00f3.<\/p>\n\n\n\n<h2 class=\"wp-block-heading\"><\/h2>\n\n\n\n<p>La canciller\u00eda iran\u00ed no niega ni confirma los supuestos &#8220;grandes da\u00f1os&#8221; sobre su infraestructura nuclear que alega Trump.<\/p>\n\n\n\n<p>Preguntado varias veces sobre el tema, por Al Jazeera, el vocero de la canciller\u00eda iran\u00ed Esameil Baghei esquiv\u00f3 la pregunta cada vez.<\/p>\n\n\n\n<p>Al ser preguntado sobre las afirmaciones de Estados Unidos de que las principales instalaciones nucleares de Ir\u00e1n est\u00e1n ahora &#8220;completamente destruidas&#8221;, Baghaei afirm\u00f3 que\u00a0Ir\u00e1n planea seguir desarrollando la energ\u00eda nuclear.<\/p>\n\n\n\n<p>&#8220;Lo que debo decir es que el derecho de Ir\u00e1n a la energ\u00eda nuclear pac\u00edfica permanece intacto. Ir\u00e1n tiene todo el derecho, en virtud del TNP (Tratado sobre la No Proliferaci\u00f3n de las Armas Nucleares), a disfrutar del uso de la energ\u00eda nuclear con fines pac\u00edficos. Y est\u00e1 dispuesto a reservarse ese derecho\u00a0bajo cualquier circunstancia&#8221;.<\/p>\n\n\n\n<p>Al ser presionado sobre la magnitud de los da\u00f1os infligidos a sus instalaciones nucleares y el estado de las reservas de uranio enriquecido, Baghaei volvi\u00f3 a esquivar la pregunta y dijo que\u00a0estos deber\u00edan ser &#8220;asuntos secundarios&#8221; para la comunidad internacional.<\/p>\n\n\n\n<p>&#8220;La principal preocupaci\u00f3n de la comunidad internacional debe ser\u00a0condenar estos actos ilegales de Estados Unidos&#8221;, declar\u00f3, calificando los ataques de &#8220;golpe perjudicial&#8221; para el derecho internacional, la diplomacia y la \u00e9tica.<\/p>\n\n\n\n<p>\u201cCreo que es realmente una muy mala se\u00f1al que muchas personas en todo el mundo est\u00e9n tratando de subestimar\u00a0la profundidad y la gravedad del acto de agresi\u00f3n estadounidense contra Ir\u00e1n\u00a0y ahora est\u00e9n hablando del nivel de los ataques o su efectividad\u201d, conden\u00f3.<\/p>\n\n\n\n<h2 class=\"wp-block-heading\"><\/h2>\n\n\n\n<p>El Tratado sobre la No Proliferaci\u00f3n de las Armas Nucleares (TNP) es un acuerdo internacional fundamental que busca prevenir la diseminaci\u00f3n de las armas nucleares, fomentar la cooperaci\u00f3n en el uso pac\u00edfico de la energ\u00eda nuclear y promover el objetivo final del desarme nuclear.<\/p>\n\n\n\n<p>Los Estados poseedores de armas nucleares (EPAN) se comprometen a\u00a0no transferir tecnolog\u00eda nuclear ni tecnolog\u00eda\u00a0sobre armas nucleares a otros pa\u00edses, ni a asistir en el desarrollo de tales armas bajo ninguna circunstancia.<\/p>\n\n\n\n<p><\/p>\n","protected":false},"excerpt":{"rendered":"<p>Desde La Haya donde participa de la cumbre de OTAN, este mi\u00e9rcoles,\u00a0Donald Trump\u00a0elogi\u00f3 el bombardeo de estados unidos\u00a0contra Ir\u00e1n. Dijo que retras\u00f3 &#8220;d\u00e9cadas&#8221; el plan nuclear iran\u00ed. Y compar\u00f3 el ataque con las\u00a0bombas at\u00f3micas de Hiroshima y Nagasaki\u00a0que pusieron fin a la Segunda Guerra Mundial. Minutos antes de reunirse a puertas cerradas con los miembros [&hellip;]<\/p>\n","protected":false},"author":2,"featured_media":8973,"comment_status":"open","ping_status":"open","sticky":false,"template":"","format":"standard","meta":{"footnotes":""},"categories":[25],"tags":[],"class_list":{"0":"post-8972","1":"post","2":"type-post","3":"status-publish","4":"format-standard","5":"has-post-thumbnail","7":"category-internacionales"},"aioseo_notices":[],"_links":{"self":[{"href":"https:\/\/lalupa24.com.ar\/index.php\/wp-json\/wp\/v2\/posts\/8972","targetHints":{"allow":["GET"]}}],"collection":[{"href":"https:\/\/lalupa24.com.ar\/index.php\/wp-json\/wp\/v2\/posts"}],"about":[{"href":"https:\/\/lalupa24.com.ar\/index.php\/wp-json\/wp\/v2\/types\/post"}],"author":[{"embeddable":true,"href":"https:\/\/lalupa24.com.ar\/index.php\/wp-json\/wp\/v2\/users\/2"}],"replies":[{"embeddable":true,"href":"https:\/\/lalupa24.com.ar\/index.php\/wp-json\/wp\/v2\/comments?post=8972"}],"version-history":[{"count":1,"href":"https:\/\/lalupa24.com.ar\/index.php\/wp-json\/wp\/v2\/posts\/8972\/revisions"}],"predecessor-version":[{"id":8974,"href":"https:\/\/lalupa24.com.ar\/index.php\/wp-json\/wp\/v2\/posts\/8972\/revisions\/8974"}],"wp:featuredmedia":[{"embeddable":true,"href":"https:\/\/lalupa24.com.ar\/index.php\/wp-json\/wp\/v2\/media\/8973"}],"wp:attachment":[{"href":"https:\/\/lalupa24.com.ar\/index.php\/wp-json\/wp\/v2\/media?parent=8972"}],"wp:term":[{"taxonomy":"category","embeddable":true,"href":"https:\/\/lalupa24.com.ar\/index.php\/wp-json\/wp\/v2\/categories?post=8972"},{"taxonomy":"post_tag","embeddable":true,"href":"https:\/\/lalupa24.com.ar\/index.php\/wp-json\/wp\/v2\/tags?post=8972"}],"curies":[{"name":"wp","href":"https:\/\/api.w.org\/{rel}","templated":true}]}}