{"id":899,"date":"2024-04-21T11:21:32","date_gmt":"2024-04-21T14:21:32","guid":{"rendered":"https:\/\/lalupa24.com.ar\/?p=899"},"modified":"2024-04-22T11:29:34","modified_gmt":"2024-04-22T14:29:34","slug":"semana-de-los-pueblos-originarios-educacion-acompano-el-acto-en-la-escuela-418-de-villa-angela","status":"publish","type":"post","link":"https:\/\/lalupa24.com.ar\/index.php\/2024\/04\/21\/semana-de-los-pueblos-originarios-educacion-acompano-el-acto-en-la-escuela-418-de-villa-angela\/","title":{"rendered":"Semana de los pueblos originarios: educaci\u00f3n acompa\u00f1\u00f3 el acto en la escuela 418 de Villa Angela."},"content":{"rendered":"\n<p>El Gobierno de la Provincia, a trav\u00e9s del Ministerio de Educaci\u00f3n, Cultura, Ciencia y Tecnolog\u00eda, llev\u00f3 adelante el acto en conmemoraci\u00f3n del D\u00eda de los Pueblos Originarios de Am\u00e9rica junto a la comunidad de la Escuela Primaria N\u00b0 418 \u201cNi\u00f1o Mocov\u00ed\u201d, ubicada en Lote 262, paraje El Pastoril, de Colonia Juan Jos\u00e9 Paso, en Villa \u00c1ngela.&nbsp; En la oportunidad, acompa\u00f1\u00f3 este acto la nueva subsecretaria de Interculturalidad y Pluriling\u00fcismo, dependiente del Ministerio de Educaci\u00f3n, Vilma Coria, en su primera actividad oficial, y los alumnos, junto a sus docentes, protagonizaron una muestra art\u00edstica con n\u00fameros alusivos a esta fecha tan significativa para los pueblos ind\u00edgenas.<\/p>\n\n\n\n<p>En este marco, la subsecretaria Coria invit\u00f3 a los docentes y directivos del pueblo Moqoit &#8220;a trabajar juntos para mejorar todo lo que es educaci\u00f3n biling\u00fce intercultural de nuestra provincia&#8221;, destacando que, si bien representa a las tres comunidades &#8220;es un desaf\u00edo&#8221;, &#8220;esto no es novedad para nosotros, porque como pueblos ind\u00edgenas todo lo que hemos conseguido fue a trav\u00e9s de nuestra lucha&#8221;.<\/p>\n\n\n\n<p>Honrar a los antepasados<\/p>\n\n\n\n<p>Finalmente, la directora de la EEP N\u00b0 418 \u201cNi\u00f1o Mocov\u00ed&#8221;, Martha Valientes, se\u00f1al\u00f3 que en esta fecha &#8220;m\u00e1s que nunca queremos honrar a nuestros antepasados moqoit, haciendo conocer y respetar no s\u00f3lo sus derechos, tratados en el Congreso de 1940, sino desde la escuela, cuidando su lengua madre, su cultura; honrar la memoria de aquellos que poblaron nuestras tierras, respetando sus valores, sus costumbres y aprender de ellos, que supieron mantener un legado de sus antepasados durante siglos y que aman y respetan a la madre tierra como su infinita benefactora\u201d.<\/p>\n\n\n\n<p>Estuvieron presentes el presidente del Concejo municipal local, Guillermo Buyatti; director de Interculturalidad, Timoteo G\u00f3mez; y el director de Pluriling\u00fcismo, Alexis Rojas; as\u00ed como tambi\u00e9n supervisores y equipos t\u00e9cnicos pedag\u00f3gicos de la cartera educativa.&nbsp;&nbsp; Con el objetivo de salvaguardar y perpetuar las culturas abor\u00edgenes de todo el continente, el 19 de abril de 1940 se celebr\u00f3 en Patzcuaro, M\u00e9xico, el primer Congreso Indigenista Interamericano. All\u00ed se cre\u00f3 un documento que dio origen al Instituto Indigenista Interamericano, con sede en M\u00e9xico y dependiente de la OEA, y se instituy\u00f3 el D\u00eda de los Pueblos Originarios de Am\u00e9rica. Argentina<\/p>\n","protected":false},"excerpt":{"rendered":"<p>El Gobierno de la Provincia, a trav\u00e9s del Ministerio de Educaci\u00f3n, Cultura, Ciencia y Tecnolog\u00eda, llev\u00f3 adelante el acto en conmemoraci\u00f3n del D\u00eda de los Pueblos Originarios de Am\u00e9rica junto a la comunidad de la Escuela Primaria N\u00b0 418 \u201cNi\u00f1o Mocov\u00ed\u201d, ubicada en Lote 262, paraje El Pastoril, de Colonia Juan Jos\u00e9 Paso, en Villa [&hellip;]<\/p>\n","protected":false},"author":2,"featured_media":900,"comment_status":"open","ping_status":"open","sticky":false,"template":"","format":"standard","meta":{"footnotes":""},"categories":[28],"tags":[],"class_list":{"0":"post-899","1":"post","2":"type-post","3":"status-publish","4":"format-standard","5":"has-post-thumbnail","7":"category-locales"},"aioseo_notices":[],"_links":{"self":[{"href":"https:\/\/lalupa24.com.ar\/index.php\/wp-json\/wp\/v2\/posts\/899","targetHints":{"allow":["GET"]}}],"collection":[{"href":"https:\/\/lalupa24.com.ar\/index.php\/wp-json\/wp\/v2\/posts"}],"about":[{"href":"https:\/\/lalupa24.com.ar\/index.php\/wp-json\/wp\/v2\/types\/post"}],"author":[{"embeddable":true,"href":"https:\/\/lalupa24.com.ar\/index.php\/wp-json\/wp\/v2\/users\/2"}],"replies":[{"embeddable":true,"href":"https:\/\/lalupa24.com.ar\/index.php\/wp-json\/wp\/v2\/comments?post=899"}],"version-history":[{"count":1,"href":"https:\/\/lalupa24.com.ar\/index.php\/wp-json\/wp\/v2\/posts\/899\/revisions"}],"predecessor-version":[{"id":901,"href":"https:\/\/lalupa24.com.ar\/index.php\/wp-json\/wp\/v2\/posts\/899\/revisions\/901"}],"wp:featuredmedia":[{"embeddable":true,"href":"https:\/\/lalupa24.com.ar\/index.php\/wp-json\/wp\/v2\/media\/900"}],"wp:attachment":[{"href":"https:\/\/lalupa24.com.ar\/index.php\/wp-json\/wp\/v2\/media?parent=899"}],"wp:term":[{"taxonomy":"category","embeddable":true,"href":"https:\/\/lalupa24.com.ar\/index.php\/wp-json\/wp\/v2\/categories?post=899"},{"taxonomy":"post_tag","embeddable":true,"href":"https:\/\/lalupa24.com.ar\/index.php\/wp-json\/wp\/v2\/tags?post=899"}],"curies":[{"name":"wp","href":"https:\/\/api.w.org\/{rel}","templated":true}]}}