{"id":8991,"date":"2025-06-25T11:50:19","date_gmt":"2025-06-25T14:50:19","guid":{"rendered":"https:\/\/lalupa24.com.ar\/?p=8991"},"modified":"2025-06-25T11:50:21","modified_gmt":"2025-06-25T14:50:21","slug":"entre-negociaciones-con-el-pro-y-la-crisis-del-pj-javier-milei-buscara-mostrar-musculo-politico-en-la-plata","status":"publish","type":"post","link":"https:\/\/lalupa24.com.ar\/index.php\/2025\/06\/25\/entre-negociaciones-con-el-pro-y-la-crisis-del-pj-javier-milei-buscara-mostrar-musculo-politico-en-la-plata\/","title":{"rendered":"Entre negociaciones con el PRO y la crisis del PJ, Javier Milei buscar\u00e1 mostrar m\u00fasculo pol\u00edtico en La Plata"},"content":{"rendered":"\n<p>El presidente <strong>Javier Milei<\/strong> cerrar\u00e1 este jueves un acto pol\u00edtico en <strong>La Plata<\/strong>, organizado por su partido <strong>La Libertad Avanza<\/strong>, con el objetivo de fortalecer su presencia en la <strong>provincia de Buenos Aires<\/strong> rumbo a las elecciones legislativas del 7 de septiembre.<\/p>\n\n\n\n<p>El evento, denominado <strong>\u201cCongreso Libertario\u201d<\/strong>, contar\u00e1 con la participaci\u00f3n de <strong>ministros nacionales<\/strong>, <strong>legisladores<\/strong>, y m\u00e1s de <strong>1200 asistentes<\/strong>. Estar\u00e1 encabezado por <strong>Sebasti\u00e1n Pareja<\/strong>, armador bonaerense y presidente del partido en el distrito. Habr\u00e1 paneles tem\u00e1ticos, mesas de debate y discursos de figuras como <strong>Jos\u00e9 Luis Espert<\/strong>, <strong>Patricia Bullrich<\/strong>, <strong>Luis Caputo<\/strong> y <strong>Federico Sturzenegger<\/strong>.<\/p>\n\n\n\n<p>El acto se desarrolla en un contexto de:<\/p>\n\n\n\n<ul class=\"wp-block-list\">\n<li><strong>Negociaciones con el PRO<\/strong> para sellar una alianza.<\/li>\n\n\n\n<li><strong>Crisis del peronismo<\/strong>, tras la <strong>detenci\u00f3n de Cristina Kirchner<\/strong>.<\/li>\n\n\n\n<li>Internas dentro del oficialismo con sectores como <em>Las Fuerzas del Cielo<\/em>, que se sienten excluidos.<\/li>\n<\/ul>\n\n\n\n<p>El lema de la jornada ser\u00e1: <strong>\u201cEn la provincia tambi\u00e9n es kirchnerismo o libertad\u201d<\/strong>, y se basar\u00e1 en datos recolectados por m\u00e1s de <strong>20.000 encuestas<\/strong> para orientar las propuestas del oficialismo en territorio bonaerense.<\/p>\n","protected":false},"excerpt":{"rendered":"<p>El presidente Javier Milei cerrar\u00e1 este jueves un acto pol\u00edtico en La Plata, organizado por su partido La Libertad Avanza, con el objetivo de fortalecer su presencia en la provincia de Buenos Aires rumbo a las elecciones legislativas del 7 de septiembre. El evento, denominado \u201cCongreso Libertario\u201d, contar\u00e1 con la participaci\u00f3n de ministros nacionales, legisladores, [&hellip;]<\/p>\n","protected":false},"author":2,"featured_media":8992,"comment_status":"open","ping_status":"open","sticky":false,"template":"","format":"standard","meta":{"footnotes":""},"categories":[26],"tags":[],"class_list":{"0":"post-8991","1":"post","2":"type-post","3":"status-publish","4":"format-standard","5":"has-post-thumbnail","7":"category-nacionales"},"aioseo_notices":[],"_links":{"self":[{"href":"https:\/\/lalupa24.com.ar\/index.php\/wp-json\/wp\/v2\/posts\/8991","targetHints":{"allow":["GET"]}}],"collection":[{"href":"https:\/\/lalupa24.com.ar\/index.php\/wp-json\/wp\/v2\/posts"}],"about":[{"href":"https:\/\/lalupa24.com.ar\/index.php\/wp-json\/wp\/v2\/types\/post"}],"author":[{"embeddable":true,"href":"https:\/\/lalupa24.com.ar\/index.php\/wp-json\/wp\/v2\/users\/2"}],"replies":[{"embeddable":true,"href":"https:\/\/lalupa24.com.ar\/index.php\/wp-json\/wp\/v2\/comments?post=8991"}],"version-history":[{"count":1,"href":"https:\/\/lalupa24.com.ar\/index.php\/wp-json\/wp\/v2\/posts\/8991\/revisions"}],"predecessor-version":[{"id":8993,"href":"https:\/\/lalupa24.com.ar\/index.php\/wp-json\/wp\/v2\/posts\/8991\/revisions\/8993"}],"wp:featuredmedia":[{"embeddable":true,"href":"https:\/\/lalupa24.com.ar\/index.php\/wp-json\/wp\/v2\/media\/8992"}],"wp:attachment":[{"href":"https:\/\/lalupa24.com.ar\/index.php\/wp-json\/wp\/v2\/media?parent=8991"}],"wp:term":[{"taxonomy":"category","embeddable":true,"href":"https:\/\/lalupa24.com.ar\/index.php\/wp-json\/wp\/v2\/categories?post=8991"},{"taxonomy":"post_tag","embeddable":true,"href":"https:\/\/lalupa24.com.ar\/index.php\/wp-json\/wp\/v2\/tags?post=8991"}],"curies":[{"name":"wp","href":"https:\/\/api.w.org\/{rel}","templated":true}]}}