{"id":902,"date":"2024-04-22T11:41:44","date_gmt":"2024-04-22T14:41:44","guid":{"rendered":"https:\/\/lalupa24.com.ar\/?p=902"},"modified":"2024-04-22T11:41:44","modified_gmt":"2024-04-22T14:41:44","slug":"la-uncaus-dictara-las-jornadas-de-higiene-y-seguridad","status":"publish","type":"post","link":"https:\/\/lalupa24.com.ar\/index.php\/2024\/04\/22\/la-uncaus-dictara-las-jornadas-de-higiene-y-seguridad\/","title":{"rendered":"La UNCAUS dictar\u00e1 las jornadas de Higiene y Seguridad"},"content":{"rendered":"\n<p>El d\u00eda mi\u00e9rcoles 24 en la ciudad de Resistencia y el jueves 25 en Presidencia Roque S\u00e1enz Pe\u00f1a, se llevar\u00e1n a cabo las jornadas de &amp;quot;Higiene y Seguridad en el Trabajo.<\/p>\n\n\n\n<p>Estas jornadas tienen como finalidad crear conocimientos ya que es de vital importancia para una empresa que los profesionales en&nbsp;Seguridad e Higiene&nbsp;implementen acciones para evitar accidentes y enfermedades relacionadas al trabajo, para que mejore la calidad de vida de sus empleados mientras se reducen los costos. Por ello es necesario que los trabajadores se capaciten en la seguridad e higiene&nbsp;de acuerdo a lo que establecen las normas. Planear, ejecutar y medir los resultados obtenidos en las estrategias de prevenci\u00f3n y cumplimiento de la ley sirve para mejorar el ambiente laboral y manejarse de manera r\u00e1pida y efectiva ante un accidente o emergencia.&nbsp;<\/p>\n\n\n\n<p>En la cuidad de Resistencia se realizar\u00e1 en el sal\u00f3n Copipach, ubicado en la avenida 25 de mayo 555. Iniciando a las 16 y culminando a las19 horas. El responsable de dictar la charla ser\u00e1 Luis Ledesma, representante t\u00e9cnico de Caram S.A. y desarrollar\u00e1 el tema Trabajo en las Alturas y Uso de Arn\u00e9s.<\/p>\n\n\n\n<p>Mientras que en la ciudad de S\u00e1enz Pe\u00f1a ser\u00e1 en la Universidad Nacional del Chaco Austral,<\/p>\n\n\n\n<p>Inscripciones en: https:\/\/forms.gle\/S6jPKna4Vv9Zi4tj8<\/p>\n\n\n\n<p>Informaci\u00f3n: apasso.ch@gmail.com \/ secextension@uncaus.edu.ar<\/p>\n","protected":false},"excerpt":{"rendered":"<p>El d\u00eda mi\u00e9rcoles 24 en la ciudad de Resistencia y el jueves 25 en Presidencia Roque S\u00e1enz Pe\u00f1a, se llevar\u00e1n a cabo las jornadas de &amp;quot;Higiene y Seguridad en el Trabajo. Estas jornadas tienen como finalidad crear conocimientos ya que es de vital importancia para una empresa que los profesionales en&nbsp;Seguridad e Higiene&nbsp;implementen acciones para [&hellip;]<\/p>\n","protected":false},"author":2,"featured_media":903,"comment_status":"open","ping_status":"open","sticky":false,"template":"","format":"standard","meta":{"footnotes":""},"categories":[28],"tags":[],"class_list":{"0":"post-902","1":"post","2":"type-post","3":"status-publish","4":"format-standard","5":"has-post-thumbnail","7":"category-locales"},"aioseo_notices":[],"_links":{"self":[{"href":"https:\/\/lalupa24.com.ar\/index.php\/wp-json\/wp\/v2\/posts\/902","targetHints":{"allow":["GET"]}}],"collection":[{"href":"https:\/\/lalupa24.com.ar\/index.php\/wp-json\/wp\/v2\/posts"}],"about":[{"href":"https:\/\/lalupa24.com.ar\/index.php\/wp-json\/wp\/v2\/types\/post"}],"author":[{"embeddable":true,"href":"https:\/\/lalupa24.com.ar\/index.php\/wp-json\/wp\/v2\/users\/2"}],"replies":[{"embeddable":true,"href":"https:\/\/lalupa24.com.ar\/index.php\/wp-json\/wp\/v2\/comments?post=902"}],"version-history":[{"count":1,"href":"https:\/\/lalupa24.com.ar\/index.php\/wp-json\/wp\/v2\/posts\/902\/revisions"}],"predecessor-version":[{"id":904,"href":"https:\/\/lalupa24.com.ar\/index.php\/wp-json\/wp\/v2\/posts\/902\/revisions\/904"}],"wp:featuredmedia":[{"embeddable":true,"href":"https:\/\/lalupa24.com.ar\/index.php\/wp-json\/wp\/v2\/media\/903"}],"wp:attachment":[{"href":"https:\/\/lalupa24.com.ar\/index.php\/wp-json\/wp\/v2\/media?parent=902"}],"wp:term":[{"taxonomy":"category","embeddable":true,"href":"https:\/\/lalupa24.com.ar\/index.php\/wp-json\/wp\/v2\/categories?post=902"},{"taxonomy":"post_tag","embeddable":true,"href":"https:\/\/lalupa24.com.ar\/index.php\/wp-json\/wp\/v2\/tags?post=902"}],"curies":[{"name":"wp","href":"https:\/\/api.w.org\/{rel}","templated":true}]}}