{"id":9026,"date":"2025-06-26T10:06:37","date_gmt":"2025-06-26T13:06:37","guid":{"rendered":"https:\/\/lalupa24.com.ar\/?p=9026"},"modified":"2025-06-26T10:06:38","modified_gmt":"2025-06-26T13:06:38","slug":"la-justicia-le-otorgo-la-prision-domiciliaria-a-jose-alperovich-condenado-por-abuso-sexual-a-su-sobrina","status":"publish","type":"post","link":"https:\/\/lalupa24.com.ar\/index.php\/2025\/06\/26\/la-justicia-le-otorgo-la-prision-domiciliaria-a-jose-alperovich-condenado-por-abuso-sexual-a-su-sobrina\/","title":{"rendered":"La Justicia le otorg\u00f3 la prisi\u00f3n domiciliaria a Jos\u00e9 Alperovich, condenado por abuso sexual a su sobrina"},"content":{"rendered":"\n<p>El ex gobernador tucumano que cumple una sentencia por nueve hechos de abuso sexual podr\u00e1 pasar el resto de la pena en un domicilio. Cumpl\u00eda con la prisi\u00f3n efectiva en el Penal de Ezeiza<\/p>\n\n\n\n<p>El caso de\u00a0Jos\u00e9 Alperovich\u00a0volvi\u00f3 a estar en el centro de la escena despu\u00e9s de la decisi\u00f3n judicial que transform\u00f3 su r\u00e9gimen de detenci\u00f3n. El ex mandatario de Tucum\u00e1n, quien fue hallado culpable de\u00a0nueve hechos de abuso sexual y condenado durante 2024, recibi\u00f3 la autorizaci\u00f3n para cumplir prisi\u00f3n en su domicilio, luego de permanecer privado de su libertad desde la sentencia.<\/p>\n\n\n\n<p>La decisi\u00f3n fue adoptada por el juez Juan Ramos Padilla,\u00a0quien dict\u00f3 la condena en su contra por delitos sexuales a\u00a016 a\u00f1os de prisi\u00f3n\u00a0el 18 de junio de 2024. Ahora, tras varios pedidos de los defensores del ex Gobernador, el juez le otorg\u00f3 ese beneficio previsto en la ley.<\/p>\n\n\n\n<p>Ramos Padilla resolvi\u00f3 concederle el arresto domiciliario al ex gobernador tucumano\u00a0bajo estrictas condiciones,\u00a0entre las que se encuentran que\u00a0deber\u00e1 pagar una cauci\u00f3n real de 400 millones de pesos\u00a0y deber\u00e1 llevar una\u00a0tobillera electr\u00f3nica.<\/p>\n\n\n\n<p>El proceso judicial contra Alperovich se desarroll\u00f3 en un contexto de impacto nacional, debido a la notoriedad pol\u00edtica del imputado y a la gravedad de los cargos por los que fue sometido a juicio. A lo largo del a\u00f1o, los tribunales analizaron\u00a0los hechos denunciados por una sobrina del ex funcionario. Las agresiones, seg\u00fan los expedientes judiciales, ocurrieron en diferentes domicilios tanto en la provincia de\u00a0Tucum\u00e1n\u00a0como en la\u00a0Ciudad de Buenos Aires\u00a0durante un periodo comprendido entre finales de 2017 y marzo de 2018. Por razones de salud y edad<\/p>\n\n\n\n<p>La concesi\u00f3n de la prisi\u00f3n domiciliaria llega despu\u00e9s de varios rechazos a las solicitudes de morigeraci\u00f3n de condiciones presentadas por la defensa. La decisi\u00f3n responde a\u00a0consideraciones de salud y edad avanzadas\u00a0del condenado, factores que la defensa adjunt\u00f3 como argumentos ante el tribunal. Sin embargo, por el momento, la condena de 16 a\u00f1os de prisi\u00f3n impuesta a Alperovich\u00a0permanece vigente, as\u00ed como las restricciones accesorias dictadas en la sentencia.<\/p>\n\n\n\n<p>En su resoluci\u00f3n, Ramos Padilla subray\u00f3 que la decisi\u00f3n\u00a0\u201cno constituye un privilegio ni un acto de compasi\u00f3n\u201d, sino que se trata de una atribuci\u00f3n legal basada en el cumplimiento de requisitos espec\u00edficos.<\/p>\n\n\n\n<p>La prisi\u00f3n domiciliaria ser\u00e1 cumplida en uno de los departamentos del imputado\u00a0en el barrio porte\u00f1o de Puerto Madero, uno de los lugares se\u00f1alados por la denunciante como escenario de los primeros abusos.<\/p>\n\n\n\n<p>Adem\u00e1s, el juez impuso\u00a0la prohibici\u00f3n total de contacto con la v\u00edctima y con el entorno familiar de \u00e9sta, por cualquier medio de comunicaci\u00f3n, ya sea directo o indirecto. Adem\u00e1s, el juez se\u00f1al\u00f3 que\u00a0\u201cdeber\u00e1 abstenerse de realizar menciones p\u00fablicas\u00a0o publicaciones que directa o indirectamente puedan afectar a MFL o su entorno\u201d.<\/p>\n\n\n\n<h2 class=\"wp-block-heading\"><\/h2>\n","protected":false},"excerpt":{"rendered":"<p>El ex gobernador tucumano que cumple una sentencia por nueve hechos de abuso sexual podr\u00e1 pasar el resto de la pena en un domicilio. Cumpl\u00eda con la prisi\u00f3n efectiva en el Penal de Ezeiza El caso de\u00a0Jos\u00e9 Alperovich\u00a0volvi\u00f3 a estar en el centro de la escena despu\u00e9s de la decisi\u00f3n judicial que transform\u00f3 su r\u00e9gimen [&hellip;]<\/p>\n","protected":false},"author":2,"featured_media":9027,"comment_status":"open","ping_status":"open","sticky":false,"template":"","format":"standard","meta":{"footnotes":""},"categories":[26],"tags":[],"class_list":{"0":"post-9026","1":"post","2":"type-post","3":"status-publish","4":"format-standard","5":"has-post-thumbnail","7":"category-nacionales"},"aioseo_notices":[],"_links":{"self":[{"href":"https:\/\/lalupa24.com.ar\/index.php\/wp-json\/wp\/v2\/posts\/9026","targetHints":{"allow":["GET"]}}],"collection":[{"href":"https:\/\/lalupa24.com.ar\/index.php\/wp-json\/wp\/v2\/posts"}],"about":[{"href":"https:\/\/lalupa24.com.ar\/index.php\/wp-json\/wp\/v2\/types\/post"}],"author":[{"embeddable":true,"href":"https:\/\/lalupa24.com.ar\/index.php\/wp-json\/wp\/v2\/users\/2"}],"replies":[{"embeddable":true,"href":"https:\/\/lalupa24.com.ar\/index.php\/wp-json\/wp\/v2\/comments?post=9026"}],"version-history":[{"count":1,"href":"https:\/\/lalupa24.com.ar\/index.php\/wp-json\/wp\/v2\/posts\/9026\/revisions"}],"predecessor-version":[{"id":9028,"href":"https:\/\/lalupa24.com.ar\/index.php\/wp-json\/wp\/v2\/posts\/9026\/revisions\/9028"}],"wp:featuredmedia":[{"embeddable":true,"href":"https:\/\/lalupa24.com.ar\/index.php\/wp-json\/wp\/v2\/media\/9027"}],"wp:attachment":[{"href":"https:\/\/lalupa24.com.ar\/index.php\/wp-json\/wp\/v2\/media?parent=9026"}],"wp:term":[{"taxonomy":"category","embeddable":true,"href":"https:\/\/lalupa24.com.ar\/index.php\/wp-json\/wp\/v2\/categories?post=9026"},{"taxonomy":"post_tag","embeddable":true,"href":"https:\/\/lalupa24.com.ar\/index.php\/wp-json\/wp\/v2\/tags?post=9026"}],"curies":[{"name":"wp","href":"https:\/\/api.w.org\/{rel}","templated":true}]}}