{"id":9070,"date":"2025-06-26T11:40:00","date_gmt":"2025-06-26T14:40:00","guid":{"rendered":"https:\/\/lalupa24.com.ar\/?p=9070"},"modified":"2025-06-26T12:19:00","modified_gmt":"2025-06-26T15:19:00","slug":"hombre-detenido-con-marihuana-durante-control-vehicular-2","status":"publish","type":"post","link":"https:\/\/lalupa24.com.ar\/index.php\/2025\/06\/26\/hombre-detenido-con-marihuana-durante-control-vehicular-2\/","title":{"rendered":"Hombre detenido con marihuana durante control vehicular"},"content":{"rendered":"\n<h1 class=\"wp-block-heading\"><\/h1>\n\n\n\n<p>Alrededor de las 20:45 horas, cuando el personal policial, detuvo la marcha de una trafic Fiat Ducato. Al verificar a los pasajeros, uno de ellos mostr\u00f3 una actitud sospechosa. Se trataba de un hombre de 31 a\u00f1os, domiciliado en la planta urbana de Basail, quien transportaba entre sus pertenencias una caja registradora de madera en cuyo interior se hall\u00f3 un bulto de polietileno negro con una sustancia vegetal similar a marihuana.<\/p>\n\n\n\n<p>Tras dar intervenci\u00f3n a la Divisi\u00f3n Microtr\u00e1fico, personal especializado realiz\u00f3 prueba de campo y pesaje de la sustancia, que arroj\u00f3 resultado positivo para Cannabis Sativa (Marihuana) con un total de 247 gramos. Adem\u00e1s, acudi\u00f3 al lugar personal del Departamento Canes con el perro detector UMA. Tras una inspecci\u00f3n externa e interna del veh\u00edculo, no se hallaron otras sustancias il\u00edcitas.<\/p>\n\n\n\n<p>Por orden de la Fiscal Antidrogas N\u00b0 2, Dra. Ana Mari\u00e1ngeles Ben\u00edtez, se procedi\u00f3 al secuestro de la sustancia y la notificaci\u00f3n de aprehensi\u00f3n en causa por \u201cSupuesta Infracci\u00f3n a Ley N\u00b0 23.737\u201d de Estupefaciente al implicado, quien qued\u00f3 alojado en la unidad interviniente a disposici\u00f3n de la justicia.<\/p>\n","protected":false},"excerpt":{"rendered":"<p>Alrededor de las 20:45 horas, cuando el personal policial, detuvo la marcha de una trafic Fiat Ducato. Al verificar a los pasajeros, uno de ellos mostr\u00f3 una actitud sospechosa. Se trataba de un hombre de 31 a\u00f1os, domiciliado en la planta urbana de Basail, quien transportaba entre sus pertenencias una caja registradora de madera en [&hellip;]<\/p>\n","protected":false},"author":2,"featured_media":9062,"comment_status":"open","ping_status":"open","sticky":false,"template":"","format":"standard","meta":{"footnotes":""},"categories":[155],"tags":[],"class_list":{"0":"post-9070","1":"post","2":"type-post","3":"status-publish","4":"format-standard","5":"has-post-thumbnail","7":"category-policiales"},"aioseo_notices":[],"_links":{"self":[{"href":"https:\/\/lalupa24.com.ar\/index.php\/wp-json\/wp\/v2\/posts\/9070","targetHints":{"allow":["GET"]}}],"collection":[{"href":"https:\/\/lalupa24.com.ar\/index.php\/wp-json\/wp\/v2\/posts"}],"about":[{"href":"https:\/\/lalupa24.com.ar\/index.php\/wp-json\/wp\/v2\/types\/post"}],"author":[{"embeddable":true,"href":"https:\/\/lalupa24.com.ar\/index.php\/wp-json\/wp\/v2\/users\/2"}],"replies":[{"embeddable":true,"href":"https:\/\/lalupa24.com.ar\/index.php\/wp-json\/wp\/v2\/comments?post=9070"}],"version-history":[{"count":1,"href":"https:\/\/lalupa24.com.ar\/index.php\/wp-json\/wp\/v2\/posts\/9070\/revisions"}],"predecessor-version":[{"id":9072,"href":"https:\/\/lalupa24.com.ar\/index.php\/wp-json\/wp\/v2\/posts\/9070\/revisions\/9072"}],"wp:featuredmedia":[{"embeddable":true,"href":"https:\/\/lalupa24.com.ar\/index.php\/wp-json\/wp\/v2\/media\/9062"}],"wp:attachment":[{"href":"https:\/\/lalupa24.com.ar\/index.php\/wp-json\/wp\/v2\/media?parent=9070"}],"wp:term":[{"taxonomy":"category","embeddable":true,"href":"https:\/\/lalupa24.com.ar\/index.php\/wp-json\/wp\/v2\/categories?post=9070"},{"taxonomy":"post_tag","embeddable":true,"href":"https:\/\/lalupa24.com.ar\/index.php\/wp-json\/wp\/v2\/tags?post=9070"}],"curies":[{"name":"wp","href":"https:\/\/api.w.org\/{rel}","templated":true}]}}