{"id":9092,"date":"2025-06-26T12:32:11","date_gmt":"2025-06-26T15:32:11","guid":{"rendered":"https:\/\/lalupa24.com.ar\/?p=9092"},"modified":"2025-06-26T12:32:13","modified_gmt":"2025-06-26T15:32:13","slug":"las-lagrimas-de-mirtha-legrand-cuando-hablo-sobre-los-rumores-de-su-retiro-de-la-television","status":"publish","type":"post","link":"https:\/\/lalupa24.com.ar\/index.php\/2025\/06\/26\/las-lagrimas-de-mirtha-legrand-cuando-hablo-sobre-los-rumores-de-su-retiro-de-la-television\/","title":{"rendered":"Las l\u00e1grimas de Mirtha Legrand cuando habl\u00f3 sobre los rumores de su retiro de la televisi\u00f3n"},"content":{"rendered":"\n<p>En las \u00faltimas horas, surgi\u00f3 un rumor sobre el retiro definitivo de <strong>Mirtha Legrand<\/strong> de la televisi\u00f3n, lo que gener\u00f3 sorpresa y revuelo en el mundo del espect\u00e1culo. La versi\u00f3n indicaba que dejar\u00eda de conducir <em>La noche de Mirtha<\/em>.<\/p>\n\n\n\n<p>Consultada por periodistas a la salida del teatro, tras asistir a la obra <em>Pretty Woman<\/em>, Legrand neg\u00f3 rotundamente la informaci\u00f3n: <em>\u201cNo s\u00e9 de d\u00f3nde sali\u00f3 esa informaci\u00f3n. Yo no dije nada\u201d<\/em>, aclar\u00f3, desmintiendo as\u00ed su alejamiento.<\/p>\n\n\n\n<p>Con estas declaraciones, la conductora reafirm\u00f3 su vigencia y el estrecho v\u00ednculo que mantiene con el p\u00fablico, que sigue con atenci\u00f3n cada paso de su carrera.<\/p>\n","protected":false},"excerpt":{"rendered":"<p>En las \u00faltimas horas, surgi\u00f3 un rumor sobre el retiro definitivo de Mirtha Legrand de la televisi\u00f3n, lo que gener\u00f3 sorpresa y revuelo en el mundo del espect\u00e1culo. La versi\u00f3n indicaba que dejar\u00eda de conducir La noche de Mirtha. Consultada por periodistas a la salida del teatro, tras asistir a la obra Pretty Woman, Legrand [&hellip;]<\/p>\n","protected":false},"author":2,"featured_media":9093,"comment_status":"open","ping_status":"open","sticky":false,"template":"","format":"standard","meta":{"footnotes":""},"categories":[26],"tags":[],"class_list":{"0":"post-9092","1":"post","2":"type-post","3":"status-publish","4":"format-standard","5":"has-post-thumbnail","7":"category-nacionales"},"aioseo_notices":[],"_links":{"self":[{"href":"https:\/\/lalupa24.com.ar\/index.php\/wp-json\/wp\/v2\/posts\/9092","targetHints":{"allow":["GET"]}}],"collection":[{"href":"https:\/\/lalupa24.com.ar\/index.php\/wp-json\/wp\/v2\/posts"}],"about":[{"href":"https:\/\/lalupa24.com.ar\/index.php\/wp-json\/wp\/v2\/types\/post"}],"author":[{"embeddable":true,"href":"https:\/\/lalupa24.com.ar\/index.php\/wp-json\/wp\/v2\/users\/2"}],"replies":[{"embeddable":true,"href":"https:\/\/lalupa24.com.ar\/index.php\/wp-json\/wp\/v2\/comments?post=9092"}],"version-history":[{"count":1,"href":"https:\/\/lalupa24.com.ar\/index.php\/wp-json\/wp\/v2\/posts\/9092\/revisions"}],"predecessor-version":[{"id":9094,"href":"https:\/\/lalupa24.com.ar\/index.php\/wp-json\/wp\/v2\/posts\/9092\/revisions\/9094"}],"wp:featuredmedia":[{"embeddable":true,"href":"https:\/\/lalupa24.com.ar\/index.php\/wp-json\/wp\/v2\/media\/9093"}],"wp:attachment":[{"href":"https:\/\/lalupa24.com.ar\/index.php\/wp-json\/wp\/v2\/media?parent=9092"}],"wp:term":[{"taxonomy":"category","embeddable":true,"href":"https:\/\/lalupa24.com.ar\/index.php\/wp-json\/wp\/v2\/categories?post=9092"},{"taxonomy":"post_tag","embeddable":true,"href":"https:\/\/lalupa24.com.ar\/index.php\/wp-json\/wp\/v2\/tags?post=9092"}],"curies":[{"name":"wp","href":"https:\/\/api.w.org\/{rel}","templated":true}]}}