{"id":911,"date":"2024-04-12T12:02:26","date_gmt":"2024-04-12T15:02:26","guid":{"rendered":"https:\/\/lalupa24.com.ar\/?p=911"},"modified":"2024-04-22T12:05:14","modified_gmt":"2024-04-22T15:05:14","slug":"el-gobernador-se-reunio-con-camaras-de-comercio-de-castelli","status":"publish","type":"post","link":"https:\/\/lalupa24.com.ar\/index.php\/2024\/04\/12\/el-gobernador-se-reunio-con-camaras-de-comercio-de-castelli\/","title":{"rendered":"El gobernador se reuni\u00f3 con c\u00e1maras de comercio de Castelli"},"content":{"rendered":"\n<p>Zdero se reuni\u00f3, este viernes, en Juan Jos\u00e9 Castelli con representantes de las C\u00e1maras de Comercio de toda la provincia, a fin de resolver consultas, brindar soluciones y avanzar en una agenda de acciones conjuntas con el objetivo de potenciar y fortalecer el sector. Junto a funcionarios del Gobierno, presentes en el territorio, Zdero asegur\u00f3 que \u201cel Plan de Gobierno que estamos presentando tiene la clara acci\u00f3n de dinamizar toda la cadena productiva y cada uno de&nbsp; sus eslabones\u201d.<\/p>\n\n\n\n<p>Zdero celebr\u00f3 el encuentro con los comerciantes, con quienes conversaron sobre consultas, dudas e inquietudes y donde se brindaron respuestas para el sector \u201cen un ida y vuelta permanente porque es como pretendemos gobernar en la provincia, porque creemos que hay que escuchar y encontrar soluciones de manera conjunta\u201d, dijo.<\/p>\n\n\n\n<p>Acompa\u00f1ado por los ministros de Hacienda y Finanzas, Alejandro Abraam y de la Producci\u00f3n y el Desarrollo Econ\u00f3mico Sostenible, Hern\u00e1n Halavacs y el presidente del Nuevo Banco del Chaco (NBCH) Eric Germ\u00e1n Dahlgreen, Zdero resalt\u00f3 que la importancia de la presencia de los funcionario junto a los comerciantes porque \u201ccreemos que la producci\u00f3n, el desarrollo econ\u00f3mico sostenible, el NBCH y Hacienda ten\u00edan que estar presentes porque de esa manera podemos canalizar muchos de los planteos\u201d adem\u00e1s de que el NBCH \u201csea una herramienta que brinde a la econom\u00eda, al desarrollo, al comercio, a las industrias, pymes, emprendedores y lo pudimos plasmar ac\u00e1\u201d.<\/p>\n\n\n\n<p>El ministro de Hacienda, Alejandro Abraam&nbsp; se\u00f1al\u00f3 que el encuentro, donde se intercambiaron opiniones, inquietudes, fue muy fruct\u00edfero e importante porque el Gobierno \u201cno tiene que ser socio de los comercios, sino aportar y colaborar con ellos para que puedan llevar adelante su actividad\u201d.<\/p>\n\n\n\n<p>A su turno,&nbsp; el ministro Halavacs calific\u00f3 el encuentro como \u201cmuy positivo\u201d donde se trabajaron sobre cuestiones que abarcan a toda la provincia y la idea es \u201cpoder seguir trabajando en forma conjunta, para buscar las soluciones estando en territorio\u201d, ya que los comerciantes manifestaban que estos encuentros se realizaban solamente en Resistencia. Se\u00f1al\u00f3 el trabajo articulada con cada una de las carteras del Gobierno Provincial y el NBCH y sus l\u00edneas de financiamiento, que se gestionar\u00e1 para que sean de f\u00e1cil acceso y tengan un impacto positivo y r\u00e1pido para los comerciantes.<\/p>\n\n\n\n<p>El presidente del NBCH, Eric Germ\u00e1n Dahlgren, consider\u00f3 que estar en contacto con la gente, con representantes de distintas C\u00e1maras que nuclean a comerciantes, empresarios, industriales, del Chaco profundo, es muy importante\u201d. Tras la escucha de reclamos e inquietudes, asegur\u00f3 que \u201ctrataremos de que no sea solamente anotar las observaciones sino tambi\u00e9n tratar de dar verdadera respuesta, esto tambi\u00e9n es un desaf\u00edo\u201d.<\/p>\n\n\n\n<p>Por \u00faltimo, el presidente de la C\u00e1mara de Comercio de Juan Jos\u00e9 Castelli, F\u00e9lix Guerrero explic\u00f3 que la reuni\u00f3n se logr\u00f3 a trav\u00e9s de la Federaci\u00f3n Econ\u00f3mica del Chaco y la Confederaci\u00f3n Argentina de Mediana Empresa (CAME) y \u201cfue una reuni\u00f3n muy productiva\u201d, por lo que agradeci\u00f3 al gobernador y su equipo, con quienes \u201ctuvimos un mano a mano, donde planteamos nuestras inquietudes, realidades\u201d. Adem\u00e1s, felicit\u00f3 al Gobernador el no permitir el corte de rutas porque \u201cnos perjudicaba much\u00edsimo y es algo que tenemos que aplaudir\u201d.<\/p>\n\n\n\n<p>Estuvieron presentes: el intendente de Castelli, P\u00edo Sander; el presidente de la C\u00e1mara de Comercio de dicha localidad, Felix Guerrero y socios de la entidad; representantes de las C\u00e1maras de Comercio de Villa R\u00edo Bermejito, Miraflores, Villa \u00c1ngela, Villa Berthet, Tres Isletas, Pampa del Indio San Bernardo, La Tigra, General Pinedo y Las Bre\u00f1as; y el diputado provincial Sebasti\u00e1n Leonardo \u201cColo\u201d Lazzarini.<\/p>\n","protected":false},"excerpt":{"rendered":"<p>Zdero se reuni\u00f3, este viernes, en Juan Jos\u00e9 Castelli con representantes de las C\u00e1maras de Comercio de toda la provincia, a fin de resolver consultas, brindar soluciones y avanzar en una agenda de acciones conjuntas con el objetivo de potenciar y fortalecer el sector. Junto a funcionarios del Gobierno, presentes en el territorio, Zdero asegur\u00f3 [&hellip;]<\/p>\n","protected":false},"author":2,"featured_media":912,"comment_status":"open","ping_status":"open","sticky":false,"template":"","format":"standard","meta":{"footnotes":""},"categories":[27],"tags":[],"class_list":{"0":"post-911","1":"post","2":"type-post","3":"status-publish","4":"format-standard","5":"has-post-thumbnail","7":"category-interior"},"aioseo_notices":[],"_links":{"self":[{"href":"https:\/\/lalupa24.com.ar\/index.php\/wp-json\/wp\/v2\/posts\/911","targetHints":{"allow":["GET"]}}],"collection":[{"href":"https:\/\/lalupa24.com.ar\/index.php\/wp-json\/wp\/v2\/posts"}],"about":[{"href":"https:\/\/lalupa24.com.ar\/index.php\/wp-json\/wp\/v2\/types\/post"}],"author":[{"embeddable":true,"href":"https:\/\/lalupa24.com.ar\/index.php\/wp-json\/wp\/v2\/users\/2"}],"replies":[{"embeddable":true,"href":"https:\/\/lalupa24.com.ar\/index.php\/wp-json\/wp\/v2\/comments?post=911"}],"version-history":[{"count":1,"href":"https:\/\/lalupa24.com.ar\/index.php\/wp-json\/wp\/v2\/posts\/911\/revisions"}],"predecessor-version":[{"id":913,"href":"https:\/\/lalupa24.com.ar\/index.php\/wp-json\/wp\/v2\/posts\/911\/revisions\/913"}],"wp:featuredmedia":[{"embeddable":true,"href":"https:\/\/lalupa24.com.ar\/index.php\/wp-json\/wp\/v2\/media\/912"}],"wp:attachment":[{"href":"https:\/\/lalupa24.com.ar\/index.php\/wp-json\/wp\/v2\/media?parent=911"}],"wp:term":[{"taxonomy":"category","embeddable":true,"href":"https:\/\/lalupa24.com.ar\/index.php\/wp-json\/wp\/v2\/categories?post=911"},{"taxonomy":"post_tag","embeddable":true,"href":"https:\/\/lalupa24.com.ar\/index.php\/wp-json\/wp\/v2\/tags?post=911"}],"curies":[{"name":"wp","href":"https:\/\/api.w.org\/{rel}","templated":true}]}}