{"id":914,"date":"2024-04-11T12:10:07","date_gmt":"2024-04-11T15:10:07","guid":{"rendered":"https:\/\/lalupa24.com.ar\/?p=914"},"modified":"2024-04-22T12:12:21","modified_gmt":"2024-04-22T15:12:21","slug":"zimmermann-ratifico-su-compromiso-con-la-ciencia-aplicada","status":"publish","type":"post","link":"https:\/\/lalupa24.com.ar\/index.php\/2024\/04\/11\/zimmermann-ratifico-su-compromiso-con-la-ciencia-aplicada\/","title":{"rendered":"ZIMMERMANN RATIFIC\u00d3 SU COMPROMISO CON LA CIENCIA APLICADA"},"content":{"rendered":"\n<p>El senador por el Chaco, V\u00edctor Zimmermann, particip\u00f3 del lanzamiento de la primera Cumbre Chaque\u00f1a de Ciencia, Tecnolog\u00eda e Innovaci\u00f3n donde ratific\u00f3 su compromiso con la ciencia aplicada y la necesidad de contar con financiamiento para el Plan Nacional de Ciencia, Tecnolog\u00eda e Innovaci\u00f3n 2030.<\/p>\n\n\n\n<p>&nbsp;En el evento organizado por el Instituto Chaque\u00f1o de Ciencia, Tecnolog\u00eda e Innovaci\u00f3n (ICCTI), el legislador comparti\u00f3 panel con el gobernador Leandro Zdero y ratific\u00f3 su compromiso con la ciencia aplicada \u201ccomo instrumento para mejorar la productividad y la competitividad\u201d.<\/p>\n\n\n\n<p>\u201cCuando en 2007 coordin\u00e9 el debate de la Ley de Desarrollo y Promoci\u00f3n de Biotecnolog\u00eda Moderna, ya habl\u00e1bamos de la necesidad de un programa federal que tuviera por finalidad lograr igualdad de oportunidades, particularmente para nuestras provincias con menor grado de desarrollo relativo\u201d, record\u00f3 Zimmermann.<\/p>\n\n\n\n<p>\u201cPosteriormente, en 2022 se sancion\u00f3 la Ley de Promoci\u00f3n del Desarrollo y Producci\u00f3n de la Biotecnolog\u00eda Moderna y la Nanotecnolog\u00eda, como una actualizaci\u00f3n del proyecto original\u201d, explic\u00f3 el senador y agreg\u00f3 que \u201csigo insistiendo en la necesidad de contar con un fondo de financiamiento espec\u00edfico\u201d.<\/p>\n\n\n\n<p>\u201cCon la Ley 27738 se concret\u00f3 un pedido del interior del pa\u00eds, donde cada gobernador pudo elegir cinco prioridades\u201d, record\u00f3 el legislador radical e insisti\u00f3 en que \u201cfalta financiamiento y la posibilidad de asignaci\u00f3n de cient\u00edficos en el interior y que no se queden todos en el pa\u00eds central\u201d.<\/p>\n\n\n\n<p>\u201cEste Plan fue la concreci\u00f3n de un hist\u00f3rico pedido de quienes, desde el norte argentino, hace a\u00f1os trabajamos en pos del desarrollo de la ciencia y la tecnolog\u00eda\u201d, explic\u00f3 el legislador nacional e reiterando la necesidad de contar con \u201cmarcos regulatorios, leyes, estabilidad jur\u00eddica; adem\u00e1s del financiamiento adecuado\u201d.<\/p>\n\n\n\n<p>Finalmente, Zimmermann se refiri\u00f3 al \u201cdesaf\u00edo de difundir la informaci\u00f3n, de socializar los avances de las investigaciones\u201d, adem\u00e1s de \u201cencontrar una asignaci\u00f3n diferente de los recursos, para el financiamiento de proyectos e investigaci\u00f3n\u201d.<\/p>\n","protected":false},"excerpt":{"rendered":"<p>El senador por el Chaco, V\u00edctor Zimmermann, particip\u00f3 del lanzamiento de la primera Cumbre Chaque\u00f1a de Ciencia, Tecnolog\u00eda e Innovaci\u00f3n donde ratific\u00f3 su compromiso con la ciencia aplicada y la necesidad de contar con financiamiento para el Plan Nacional de Ciencia, Tecnolog\u00eda e Innovaci\u00f3n 2030. &nbsp;En el evento organizado por el Instituto Chaque\u00f1o de Ciencia, [&hellip;]<\/p>\n","protected":false},"author":2,"featured_media":915,"comment_status":"open","ping_status":"open","sticky":false,"template":"","format":"standard","meta":{"footnotes":""},"categories":[28],"tags":[],"class_list":{"0":"post-914","1":"post","2":"type-post","3":"status-publish","4":"format-standard","5":"has-post-thumbnail","7":"category-locales"},"aioseo_notices":[],"_links":{"self":[{"href":"https:\/\/lalupa24.com.ar\/index.php\/wp-json\/wp\/v2\/posts\/914","targetHints":{"allow":["GET"]}}],"collection":[{"href":"https:\/\/lalupa24.com.ar\/index.php\/wp-json\/wp\/v2\/posts"}],"about":[{"href":"https:\/\/lalupa24.com.ar\/index.php\/wp-json\/wp\/v2\/types\/post"}],"author":[{"embeddable":true,"href":"https:\/\/lalupa24.com.ar\/index.php\/wp-json\/wp\/v2\/users\/2"}],"replies":[{"embeddable":true,"href":"https:\/\/lalupa24.com.ar\/index.php\/wp-json\/wp\/v2\/comments?post=914"}],"version-history":[{"count":1,"href":"https:\/\/lalupa24.com.ar\/index.php\/wp-json\/wp\/v2\/posts\/914\/revisions"}],"predecessor-version":[{"id":916,"href":"https:\/\/lalupa24.com.ar\/index.php\/wp-json\/wp\/v2\/posts\/914\/revisions\/916"}],"wp:featuredmedia":[{"embeddable":true,"href":"https:\/\/lalupa24.com.ar\/index.php\/wp-json\/wp\/v2\/media\/915"}],"wp:attachment":[{"href":"https:\/\/lalupa24.com.ar\/index.php\/wp-json\/wp\/v2\/media?parent=914"}],"wp:term":[{"taxonomy":"category","embeddable":true,"href":"https:\/\/lalupa24.com.ar\/index.php\/wp-json\/wp\/v2\/categories?post=914"},{"taxonomy":"post_tag","embeddable":true,"href":"https:\/\/lalupa24.com.ar\/index.php\/wp-json\/wp\/v2\/tags?post=914"}],"curies":[{"name":"wp","href":"https:\/\/api.w.org\/{rel}","templated":true}]}}