{"id":9146,"date":"2025-06-30T14:03:00","date_gmt":"2025-06-30T17:03:00","guid":{"rendered":"https:\/\/lalupa24.com.ar\/?p=9146"},"modified":"2025-06-30T12:04:56","modified_gmt":"2025-06-30T15:04:56","slug":"detienena-un-hombre-con-cocaina-y-una-balanza-en-operativo-nocturno","status":"publish","type":"post","link":"https:\/\/lalupa24.com.ar\/index.php\/2025\/06\/30\/detienena-un-hombre-con-cocaina-y-una-balanza-en-operativo-nocturno\/","title":{"rendered":"Detienena un hombre con coca\u00edna y una balanza en operativo nocturno"},"content":{"rendered":"\n<p>Anoche, a eso de las 22:30, efectivos de la Divisi\u00f3n Patrulla Preventiva, realizaban un operativo de prevenci\u00f3n nocturno por calle Lino Torres y Pueyrred\u00f3n, donde interceptaron una motocicleta Keller Crono de 110 cilindradas, guiada por un hombre de 54 a\u00f1os. Est\u00e9, en poder ten\u00eda tres envoltorios con una sustancia blanquecina.<\/p>\n\n\n\n<p>Por tal motivo, dieron intervenci\u00f3n al personal la Direcci\u00f3n General de Consumos Problem\u00e1ticos, y tras prueba de campo arroj\u00f3 resultado positivo para coca\u00edna, con un peso total de 31 gramos,.<\/p>\n\n\n\n<p>Seguramente, procedieron al secuestro de los envoltorio con el estupefaciente y tambi\u00e9n una balanza digital marca Seis de tama\u00f1o peque\u00f1o, que el sujeto llevaba consigo, elemento com\u00fanmente utilizado para el fraccionamiento de estupefacientes.<\/p>\n\n\n\n<p>Tras dar intervenci\u00f3n a la Fiscal\u00eda Antidrogas N\u00ba 2, a cargo de la Dra. Mar\u00eda \u00c1ngeles Ben\u00edtez, dispuso el secuestro de la droga, el rodado y la balanza, adem\u00e1s de la aprehensi\u00f3n del presunto autor, quien fue notificado de su situaci\u00f3n legal y por razones de jurisdicci\u00f3n qued\u00f3 alojado en la Comisar\u00eda 12\u00aa.<\/p>\n","protected":false},"excerpt":{"rendered":"<p>Anoche, a eso de las 22:30, efectivos de la Divisi\u00f3n Patrulla Preventiva, realizaban un operativo de prevenci\u00f3n nocturno por calle Lino Torres y Pueyrred\u00f3n, donde interceptaron una motocicleta Keller Crono de 110 cilindradas, guiada por un hombre de 54 a\u00f1os. Est\u00e9, en poder ten\u00eda tres envoltorios con una sustancia blanquecina. Por tal motivo, dieron intervenci\u00f3n [&hellip;]<\/p>\n","protected":false},"author":2,"featured_media":9147,"comment_status":"open","ping_status":"open","sticky":false,"template":"","format":"standard","meta":{"footnotes":""},"categories":[155],"tags":[],"class_list":{"0":"post-9146","1":"post","2":"type-post","3":"status-publish","4":"format-standard","5":"has-post-thumbnail","7":"category-policiales"},"aioseo_notices":[],"_links":{"self":[{"href":"https:\/\/lalupa24.com.ar\/index.php\/wp-json\/wp\/v2\/posts\/9146","targetHints":{"allow":["GET"]}}],"collection":[{"href":"https:\/\/lalupa24.com.ar\/index.php\/wp-json\/wp\/v2\/posts"}],"about":[{"href":"https:\/\/lalupa24.com.ar\/index.php\/wp-json\/wp\/v2\/types\/post"}],"author":[{"embeddable":true,"href":"https:\/\/lalupa24.com.ar\/index.php\/wp-json\/wp\/v2\/users\/2"}],"replies":[{"embeddable":true,"href":"https:\/\/lalupa24.com.ar\/index.php\/wp-json\/wp\/v2\/comments?post=9146"}],"version-history":[{"count":1,"href":"https:\/\/lalupa24.com.ar\/index.php\/wp-json\/wp\/v2\/posts\/9146\/revisions"}],"predecessor-version":[{"id":9148,"href":"https:\/\/lalupa24.com.ar\/index.php\/wp-json\/wp\/v2\/posts\/9146\/revisions\/9148"}],"wp:featuredmedia":[{"embeddable":true,"href":"https:\/\/lalupa24.com.ar\/index.php\/wp-json\/wp\/v2\/media\/9147"}],"wp:attachment":[{"href":"https:\/\/lalupa24.com.ar\/index.php\/wp-json\/wp\/v2\/media?parent=9146"}],"wp:term":[{"taxonomy":"category","embeddable":true,"href":"https:\/\/lalupa24.com.ar\/index.php\/wp-json\/wp\/v2\/categories?post=9146"},{"taxonomy":"post_tag","embeddable":true,"href":"https:\/\/lalupa24.com.ar\/index.php\/wp-json\/wp\/v2\/tags?post=9146"}],"curies":[{"name":"wp","href":"https:\/\/api.w.org\/{rel}","templated":true}]}}