{"id":9159,"date":"2025-07-01T13:39:02","date_gmt":"2025-07-01T16:39:02","guid":{"rendered":"https:\/\/lalupa24.com.ar\/?p=9159"},"modified":"2025-07-01T13:39:04","modified_gmt":"2025-07-01T16:39:04","slug":"argentina-bajo-cero-cuando-termina-la-ola-de-frio-que-afecta-a-todo-el-pais","status":"publish","type":"post","link":"https:\/\/lalupa24.com.ar\/index.php\/2025\/07\/01\/argentina-bajo-cero-cuando-termina-la-ola-de-frio-que-afecta-a-todo-el-pais\/","title":{"rendered":"Argentina bajo cero: cu\u00e1ndo termina la ola de fr\u00edo que afecta a todo el pa\u00eds"},"content":{"rendered":"\n<p>Gran parte de la poblaci\u00f3n de la Argentina est\u00e1 enfrentando una<strong>ola de fr\u00edo<\/strong>.\u00a0Es porque una\u00a0<strong>masa de aire ant\u00e1rtica<\/strong>\u00a0persisti\u00f3 sobre la regi\u00f3n de la\u00a0<strong>Patagonia<\/strong>\u00a0y luego\u00a0<strong>avanz\u00f3 entre el s\u00e1bado y ayer hacia el centro y norte del pa\u00eds.<\/strong><\/p>\n\n\n\n<p>Las\u00a0<strong>temperaturas extremas<\/strong>\u00a0se registran en las 24 jurisdicciones que forman el pa\u00eds. La capital del pa\u00eds, la\u00a0<strong>Ciudad de Buenos Aires<\/strong>, tambi\u00e9n ingres\u00f3 a la regi\u00f3n de\u00a0<strong>alerta por temperaturas bajas del Servicio Meteorol\u00f3gico Nacional<\/strong>.<\/p>\n\n\n\n<p>Hoy martes 1 de julio la&nbsp;<strong>temperatura m\u00ednima en la Capital fue un grado bajo cero.&nbsp;<\/strong>Pero&nbsp;<strong>la ola de fr\u00edo entrar\u00e1 en retroceso pronto.<\/strong>&nbsp;Este per\u00edodo de bajas temperaturas&nbsp;<strong>ceder\u00e1 a partir de este jueves 3 de julio.<\/strong><\/p>\n","protected":false},"excerpt":{"rendered":"<p>Gran parte de la poblaci\u00f3n de la Argentina est\u00e1 enfrentando unaola de fr\u00edo.\u00a0Es porque una\u00a0masa de aire ant\u00e1rtica\u00a0persisti\u00f3 sobre la regi\u00f3n de la\u00a0Patagonia\u00a0y luego\u00a0avanz\u00f3 entre el s\u00e1bado y ayer hacia el centro y norte del pa\u00eds. Las\u00a0temperaturas extremas\u00a0se registran en las 24 jurisdicciones que forman el pa\u00eds. La capital del pa\u00eds, la\u00a0Ciudad de Buenos Aires, [&hellip;]<\/p>\n","protected":false},"author":2,"featured_media":9160,"comment_status":"open","ping_status":"open","sticky":false,"template":"","format":"standard","meta":{"footnotes":""},"categories":[26],"tags":[],"class_list":{"0":"post-9159","1":"post","2":"type-post","3":"status-publish","4":"format-standard","5":"has-post-thumbnail","7":"category-nacionales"},"aioseo_notices":[],"_links":{"self":[{"href":"https:\/\/lalupa24.com.ar\/index.php\/wp-json\/wp\/v2\/posts\/9159","targetHints":{"allow":["GET"]}}],"collection":[{"href":"https:\/\/lalupa24.com.ar\/index.php\/wp-json\/wp\/v2\/posts"}],"about":[{"href":"https:\/\/lalupa24.com.ar\/index.php\/wp-json\/wp\/v2\/types\/post"}],"author":[{"embeddable":true,"href":"https:\/\/lalupa24.com.ar\/index.php\/wp-json\/wp\/v2\/users\/2"}],"replies":[{"embeddable":true,"href":"https:\/\/lalupa24.com.ar\/index.php\/wp-json\/wp\/v2\/comments?post=9159"}],"version-history":[{"count":1,"href":"https:\/\/lalupa24.com.ar\/index.php\/wp-json\/wp\/v2\/posts\/9159\/revisions"}],"predecessor-version":[{"id":9161,"href":"https:\/\/lalupa24.com.ar\/index.php\/wp-json\/wp\/v2\/posts\/9159\/revisions\/9161"}],"wp:featuredmedia":[{"embeddable":true,"href":"https:\/\/lalupa24.com.ar\/index.php\/wp-json\/wp\/v2\/media\/9160"}],"wp:attachment":[{"href":"https:\/\/lalupa24.com.ar\/index.php\/wp-json\/wp\/v2\/media?parent=9159"}],"wp:term":[{"taxonomy":"category","embeddable":true,"href":"https:\/\/lalupa24.com.ar\/index.php\/wp-json\/wp\/v2\/categories?post=9159"},{"taxonomy":"post_tag","embeddable":true,"href":"https:\/\/lalupa24.com.ar\/index.php\/wp-json\/wp\/v2\/tags?post=9159"}],"curies":[{"name":"wp","href":"https:\/\/api.w.org\/{rel}","templated":true}]}}