{"id":9162,"date":"2025-07-01T13:40:33","date_gmt":"2025-07-01T16:40:33","guid":{"rendered":"https:\/\/lalupa24.com.ar\/?p=9162"},"modified":"2025-07-01T13:40:34","modified_gmt":"2025-07-01T16:40:34","slug":"estallo-el-escandalo-en-inter-tras-la-desafiante-frase-de-lautaro-martinez-y-una-figura-salio-al-cruce-palabras-que-dividen-no-unen","status":"publish","type":"post","link":"https:\/\/lalupa24.com.ar\/index.php\/2025\/07\/01\/estallo-el-escandalo-en-inter-tras-la-desafiante-frase-de-lautaro-martinez-y-una-figura-salio-al-cruce-palabras-que-dividen-no-unen\/","title":{"rendered":"Estall\u00f3 el esc\u00e1ndalo en Inter tras la desafiante frase de Lautaro Mart\u00ednez y una figura sali\u00f3 al cruce: \u201cPalabras que dividen, no unen\u201d"},"content":{"rendered":"\n<p><strong>La eliminaci\u00f3n del Inter de Mil\u00e1n en los octavos de final del Mundial de Clubes ante el Fluminense profundiz\u00f3 la crisis interna del equipo<\/strong>. Despu\u00e9s de una campa\u00f1a irregular, marcada tambi\u00e9n por la reciente final perdida en la Champions League frente al PSG, las declaraciones de\u00a0<strong>Lautaro Mart\u00ednez<\/strong>\u00a0tras la ca\u00edda en el torneo internacional encendieron la pol\u00e9mica dentro del vestuario.<\/p>\n\n\n\n<p>El capit\u00e1n argentino no ocult\u00f3 su malestar luego de la derrota por 2-0 ante el equipo de R\u00edo de Janeiro y apunt\u00f3 contra los jugadores que no quieren estar en el plantel: \u201cQuiero luchar por los grandes t\u00edtulos. Quienes quieran quedarse en el Inter, bien, lucharemos.&nbsp;<strong>Quienes no quieran quedarse, que se vayan. Necesitamos jugadores que quieran estar ac\u00e1. Llevamos una camiseta importante. Necesitamos la mejor mentalidad; si no, por favor, v\u00e1yanse<\/strong>\u201c. Lautaro remarc\u00f3 que, como l\u00edder del grupo, su mensaje era claro y recurri\u00f3 al entrenador como primera referencia, pero insisti\u00f3 en que&nbsp;<strong>\u201cvi muchas cosas que no me gustaron\u201d<\/strong>.<\/p>\n\n\n\n<p>Sus palabras encontraron eco en la conducci\u00f3n del club. El presidente&nbsp;<strong>Giuseppe Moratta aval\u00f3 el reclamo del delantero y vincul\u00f3 el mensaje a la situaci\u00f3n que atraviesa el jugador Hakan Calhanoglu<\/strong>. \u201cLautaro como capit\u00e1n subray\u00f3 algunos supuestos y algunas verdades y es que se refer\u00eda a un concepto que yo siempre digo y es que cuando un jugador ya no quiere estar en un equipo lo correcto es que se vaya. Ahora no hay nadie que haya manifestado concretamente esta intenci\u00f3n. Es evidente que tal vez se refer\u00eda a la situaci\u00f3n de Calhanoglu que se definir\u00e1. As\u00ed de pronto\u201d, se\u00f1al\u00f3 Moratta en una entrevista con&nbsp;<em>DAZN<\/em>.<\/p>\n","protected":false},"excerpt":{"rendered":"<p>La eliminaci\u00f3n del Inter de Mil\u00e1n en los octavos de final del Mundial de Clubes ante el Fluminense profundiz\u00f3 la crisis interna del equipo. Despu\u00e9s de una campa\u00f1a irregular, marcada tambi\u00e9n por la reciente final perdida en la Champions League frente al PSG, las declaraciones de\u00a0Lautaro Mart\u00ednez\u00a0tras la ca\u00edda en el torneo internacional encendieron la [&hellip;]<\/p>\n","protected":false},"author":2,"featured_media":9163,"comment_status":"open","ping_status":"open","sticky":false,"template":"","format":"standard","meta":{"footnotes":""},"categories":[100],"tags":[],"class_list":{"0":"post-9162","1":"post","2":"type-post","3":"status-publish","4":"format-standard","5":"has-post-thumbnail","7":"category-deportes"},"aioseo_notices":[],"_links":{"self":[{"href":"https:\/\/lalupa24.com.ar\/index.php\/wp-json\/wp\/v2\/posts\/9162","targetHints":{"allow":["GET"]}}],"collection":[{"href":"https:\/\/lalupa24.com.ar\/index.php\/wp-json\/wp\/v2\/posts"}],"about":[{"href":"https:\/\/lalupa24.com.ar\/index.php\/wp-json\/wp\/v2\/types\/post"}],"author":[{"embeddable":true,"href":"https:\/\/lalupa24.com.ar\/index.php\/wp-json\/wp\/v2\/users\/2"}],"replies":[{"embeddable":true,"href":"https:\/\/lalupa24.com.ar\/index.php\/wp-json\/wp\/v2\/comments?post=9162"}],"version-history":[{"count":1,"href":"https:\/\/lalupa24.com.ar\/index.php\/wp-json\/wp\/v2\/posts\/9162\/revisions"}],"predecessor-version":[{"id":9164,"href":"https:\/\/lalupa24.com.ar\/index.php\/wp-json\/wp\/v2\/posts\/9162\/revisions\/9164"}],"wp:featuredmedia":[{"embeddable":true,"href":"https:\/\/lalupa24.com.ar\/index.php\/wp-json\/wp\/v2\/media\/9163"}],"wp:attachment":[{"href":"https:\/\/lalupa24.com.ar\/index.php\/wp-json\/wp\/v2\/media?parent=9162"}],"wp:term":[{"taxonomy":"category","embeddable":true,"href":"https:\/\/lalupa24.com.ar\/index.php\/wp-json\/wp\/v2\/categories?post=9162"},{"taxonomy":"post_tag","embeddable":true,"href":"https:\/\/lalupa24.com.ar\/index.php\/wp-json\/wp\/v2\/tags?post=9162"}],"curies":[{"name":"wp","href":"https:\/\/api.w.org\/{rel}","templated":true}]}}