{"id":9175,"date":"2025-07-01T13:43:46","date_gmt":"2025-07-01T16:43:46","guid":{"rendered":"https:\/\/lalupa24.com.ar\/?p=9175"},"modified":"2025-07-01T13:43:47","modified_gmt":"2025-07-01T16:43:47","slug":"el-frio-extremo-alcanzo-los-17-c-y-congelo-una-cascada-de-30-metros-las-fotos-del-antes-y-el-despues","status":"publish","type":"post","link":"https:\/\/lalupa24.com.ar\/index.php\/2025\/07\/01\/el-frio-extremo-alcanzo-los-17-c-y-congelo-una-cascada-de-30-metros-las-fotos-del-antes-y-el-despues\/","title":{"rendered":"El fr\u00edo extremo alcanz\u00f3 los -17 \u00b0C y congel\u00f3 una cascada de 30 metros: las fotos del antes\u00a0y\u00a0el\u00a0despu\u00e9s"},"content":{"rendered":"\n<p>El fen\u00f3meno fue registrado durante la ma\u00f1ana del lunes 30 de junio, cuando los term\u00f3metros marcaron -17,2 \u00b0C en la regi\u00f3n, seg\u00fan el&nbsp;<strong>Servicio Meteorol\u00f3gico Nacional (SMN)<\/strong>. Esta ca\u00edda abrupta de temperatura desencaden\u00f3 un in\u00e9dito congelamiento del agua en ca\u00edda libre, transformando el salto de agua en una pared de hielo visible desde distintos puntos del sendero que conduce al lugar. El paisaje adquiri\u00f3 un aspecto particular, con estalactitas formadas a lo largo de la roca y apenas un delgado hilo de agua movi\u00e9ndose entre la estructura helada.<\/p>\n\n\n\n<p>La&nbsp;<strong>Cascada de Opazo<\/strong>&nbsp;se ubica a aproximadamente 30 kil\u00f3metros de&nbsp;<strong>R\u00edo Pico<\/strong>, en un paraje rural al suroeste de la provincia de&nbsp;<strong>Chubut<\/strong>. El sector, accesible tras recorrer unos 6 kil\u00f3metros por un camino de ripio y senderos que cruzan bosques y estepa patag\u00f3nica, destaca por su entorno natural y la riqueza paisaj\u00edstica que ofrece en toda \u00e9poca del a\u00f1o. Normalmente, durante la primavera el deshielo incrementa el caudal de la cascada, pero en esta fase invernal las condiciones cambiaron por completo a partir de las persistentes temperaturas bajo cero.<\/p>\n","protected":false},"excerpt":{"rendered":"<p>El fen\u00f3meno fue registrado durante la ma\u00f1ana del lunes 30 de junio, cuando los term\u00f3metros marcaron -17,2 \u00b0C en la regi\u00f3n, seg\u00fan el&nbsp;Servicio Meteorol\u00f3gico Nacional (SMN). Esta ca\u00edda abrupta de temperatura desencaden\u00f3 un in\u00e9dito congelamiento del agua en ca\u00edda libre, transformando el salto de agua en una pared de hielo visible desde distintos puntos del [&hellip;]<\/p>\n","protected":false},"author":2,"featured_media":9176,"comment_status":"open","ping_status":"open","sticky":false,"template":"","format":"standard","meta":{"footnotes":""},"categories":[26],"tags":[],"class_list":{"0":"post-9175","1":"post","2":"type-post","3":"status-publish","4":"format-standard","5":"has-post-thumbnail","7":"category-nacionales"},"aioseo_notices":[],"_links":{"self":[{"href":"https:\/\/lalupa24.com.ar\/index.php\/wp-json\/wp\/v2\/posts\/9175","targetHints":{"allow":["GET"]}}],"collection":[{"href":"https:\/\/lalupa24.com.ar\/index.php\/wp-json\/wp\/v2\/posts"}],"about":[{"href":"https:\/\/lalupa24.com.ar\/index.php\/wp-json\/wp\/v2\/types\/post"}],"author":[{"embeddable":true,"href":"https:\/\/lalupa24.com.ar\/index.php\/wp-json\/wp\/v2\/users\/2"}],"replies":[{"embeddable":true,"href":"https:\/\/lalupa24.com.ar\/index.php\/wp-json\/wp\/v2\/comments?post=9175"}],"version-history":[{"count":1,"href":"https:\/\/lalupa24.com.ar\/index.php\/wp-json\/wp\/v2\/posts\/9175\/revisions"}],"predecessor-version":[{"id":9177,"href":"https:\/\/lalupa24.com.ar\/index.php\/wp-json\/wp\/v2\/posts\/9175\/revisions\/9177"}],"wp:featuredmedia":[{"embeddable":true,"href":"https:\/\/lalupa24.com.ar\/index.php\/wp-json\/wp\/v2\/media\/9176"}],"wp:attachment":[{"href":"https:\/\/lalupa24.com.ar\/index.php\/wp-json\/wp\/v2\/media?parent=9175"}],"wp:term":[{"taxonomy":"category","embeddable":true,"href":"https:\/\/lalupa24.com.ar\/index.php\/wp-json\/wp\/v2\/categories?post=9175"},{"taxonomy":"post_tag","embeddable":true,"href":"https:\/\/lalupa24.com.ar\/index.php\/wp-json\/wp\/v2\/tags?post=9175"}],"curies":[{"name":"wp","href":"https:\/\/api.w.org\/{rel}","templated":true}]}}