{"id":9250,"date":"2025-07-02T10:27:23","date_gmt":"2025-07-02T13:27:23","guid":{"rendered":"https:\/\/lalupa24.com.ar\/?p=9250"},"modified":"2025-07-02T10:27:24","modified_gmt":"2025-07-02T13:27:24","slug":"educacion-iniciaron-los-ateneos-didacticos-en-alfabetizacion-para-docentes","status":"publish","type":"post","link":"https:\/\/lalupa24.com.ar\/index.php\/2025\/07\/02\/educacion-iniciaron-los-ateneos-didacticos-en-alfabetizacion-para-docentes\/","title":{"rendered":"EDUCACI\u00d3N: INICIARON LOS ATENEOS DID\u00c1CTICOS EN ALFABETIZACI\u00d3N PARA DOCENTES"},"content":{"rendered":"\n<h4 class=\"wp-block-heading\">Se trata de un dispositivo de formaci\u00f3n docente opcional, no obligatorio y remunerativo, que pone el foco en la alfabetizaci\u00f3n. Est\u00e1 destinado a docentes de salas de 5 a\u00f1os de jardines de infantes y del primer ciclo de nivel Primario.<br>\u00a0<br>Iniciaron en toda la provincia los Ateneos Did\u00e1cticos de formaci\u00f3n profesional en alfabetizaci\u00f3n para docentes de salas de 5 a\u00f1os de jardines de infantes y del primer ciclo de nivel Primario (primero, segundo y tercer grado), Jornada Extendida Focalizada con agrupamientos flexibles de las escuelas de gesti\u00f3n estatal y gesti\u00f3n privada subvencionadas. Gran cantidad de docentes se sumaron a esta propuesta de formaci\u00f3n, que es opcional, no obligatoria, que se desarrolla en d\u00eda y horario extracurricular y es remunerativa, con el fin de valorar el tiempo y compromiso, as\u00ed como tambi\u00e9n motivar la participaci\u00f3n activa.<br>Este dispositivo es organizado por el Ministerio de Educaci\u00f3n, a trav\u00e9s de la Direcci\u00f3n de Educaci\u00f3n Superior, y se lleva adelante por segundo a\u00f1o consecutivo en una acci\u00f3n conjunta entre la Naci\u00f3n y la Provincia, en el\u00a0 marco del Programa Formaci\u00f3n Docente en Alfabetizaci\u00f3n, creado en el \u00e1mbito del Instituto Nacional de Formaci\u00f3n Docente. Consiste en ocho encuentros presenciales, finalizando en noviembre. Cada uno es de cuatro horas reloj con la modalidad de ateneo did\u00e1ctico. Se trata de espacios de formaci\u00f3n que se desarrollan en escuelas sedes en todas las Regionales Educativas del territorio chaque\u00f1o, y est\u00e1n a cargo de atene\u00edstas, profesores de los institutos de Formaci\u00f3n Docente de la provincia. Estos, a trav\u00e9s de gu\u00edas, abordan estrategias para que los docentes incorporen pr\u00e1cticas en los aprendizajes de los estudiantes en escritura y lectura comprensiva, brindando herramientas para responder a cualquier cambio que ocurra durante el proceso y adaptar la ense\u00f1anza a las necesidades particulares que vayan surgiendo en el camino.<br>A partir de la implementaci\u00f3n de este trayecto formativo se busca desarrollar capacidades profesionales vinculadas con la ense\u00f1anza de los contenidos prioritarios del proceso de alfabetizaci\u00f3n que los docentes ponen en juego y enriquecen en sus pr\u00e1cticas. Se pondr\u00e1n en relaci\u00f3n aquellas capacidades que les permitan implicarse junto a sus pares en el an\u00e1lisis de los problemas de la ense\u00f1anza y en la elaboraci\u00f3n de alternativas did\u00e1cticas para la mejora de los aprendizajes y para la inclusi\u00f3n educativa de todos los ni\u00f1os. Estos espacios de formaci\u00f3n buscan recuperar los aprendizajes y desaf\u00edos de experiencias de alfabetizaci\u00f3n que han demostrado mejorar el desempe\u00f1o de los estudiantes en sus procesos de lectoescritura.<\/h4>\n","protected":false},"excerpt":{"rendered":"<p>Se trata de un dispositivo de formaci\u00f3n docente opcional, no obligatorio y remunerativo, que pone el foco en la alfabetizaci\u00f3n. Est\u00e1 destinado a docentes de salas de 5 a\u00f1os de jardines de infantes y del primer ciclo de nivel Primario.\u00a0Iniciaron en toda la provincia los Ateneos Did\u00e1cticos de formaci\u00f3n profesional en alfabetizaci\u00f3n para docentes de [&hellip;]<\/p>\n","protected":false},"author":2,"featured_media":9251,"comment_status":"open","ping_status":"open","sticky":false,"template":"","format":"standard","meta":{"footnotes":""},"categories":[28],"tags":[],"class_list":{"0":"post-9250","1":"post","2":"type-post","3":"status-publish","4":"format-standard","5":"has-post-thumbnail","7":"category-locales"},"aioseo_notices":[],"_links":{"self":[{"href":"https:\/\/lalupa24.com.ar\/index.php\/wp-json\/wp\/v2\/posts\/9250","targetHints":{"allow":["GET"]}}],"collection":[{"href":"https:\/\/lalupa24.com.ar\/index.php\/wp-json\/wp\/v2\/posts"}],"about":[{"href":"https:\/\/lalupa24.com.ar\/index.php\/wp-json\/wp\/v2\/types\/post"}],"author":[{"embeddable":true,"href":"https:\/\/lalupa24.com.ar\/index.php\/wp-json\/wp\/v2\/users\/2"}],"replies":[{"embeddable":true,"href":"https:\/\/lalupa24.com.ar\/index.php\/wp-json\/wp\/v2\/comments?post=9250"}],"version-history":[{"count":1,"href":"https:\/\/lalupa24.com.ar\/index.php\/wp-json\/wp\/v2\/posts\/9250\/revisions"}],"predecessor-version":[{"id":9252,"href":"https:\/\/lalupa24.com.ar\/index.php\/wp-json\/wp\/v2\/posts\/9250\/revisions\/9252"}],"wp:featuredmedia":[{"embeddable":true,"href":"https:\/\/lalupa24.com.ar\/index.php\/wp-json\/wp\/v2\/media\/9251"}],"wp:attachment":[{"href":"https:\/\/lalupa24.com.ar\/index.php\/wp-json\/wp\/v2\/media?parent=9250"}],"wp:term":[{"taxonomy":"category","embeddable":true,"href":"https:\/\/lalupa24.com.ar\/index.php\/wp-json\/wp\/v2\/categories?post=9250"},{"taxonomy":"post_tag","embeddable":true,"href":"https:\/\/lalupa24.com.ar\/index.php\/wp-json\/wp\/v2\/tags?post=9250"}],"curies":[{"name":"wp","href":"https:\/\/api.w.org\/{rel}","templated":true}]}}