{"id":926,"date":"2024-04-08T13:09:30","date_gmt":"2024-04-08T16:09:30","guid":{"rendered":"https:\/\/lalupa24.com.ar\/?p=926"},"modified":"2024-04-22T13:11:10","modified_gmt":"2024-04-22T16:11:10","slug":"el-gobernador-se-reunio-con-productores-en-las-garcitas","status":"publish","type":"post","link":"https:\/\/lalupa24.com.ar\/index.php\/2024\/04\/08\/el-gobernador-se-reunio-con-productores-en-las-garcitas\/","title":{"rendered":"El gobernador se reuni\u00f3 con productores en Las Garcitas"},"content":{"rendered":"\n<p>La pr\u00f3xima semana volver\u00e1n a reunirse para avanzar en la adquisici\u00f3n de m\u00e1s herramientas, para el desarrollo del sector productivo que apuntan al fortalecimiento de las cadenas agr\u00edcolas y ganaderas.<\/p>\n\n\n\n<p>En una intensa agenda realizada hoy en Las Garcitas, el gobernador Leandro Zdero, luego de reunirse con varias instituciones educativas de la localidad, atendi\u00f3 tambi\u00e9n a productores agr\u00edcolas y ganaderos de la zona, con quienes repas\u00f3 los programas p\u00fablicos y las l\u00edneas crediticias vigentes que apuntan al fortalecimiento de las&nbsp; cadenas productivas. \u201cEl desaf\u00edo es trabajar desde el territorio y en articulaci\u00f3n con las instituciones que componen los sectores econ\u00f3micos y productivos; estamos convencidos de que con esfuerzo y trabajo saldremos adelante\u201d- afirm\u00f3 el mandatario.<\/p>\n\n\n\n<p>El gobernador indic\u00f3 que \u201cel campo atraves\u00f3 y atraviesa momentos dif\u00edciles por lo que el Estado extiende una mano, a trav\u00e9s de l\u00edneas crediticias accesibles\u201d. En esta l\u00ednea inform\u00f3 que se reunir\u00e1n la pr\u00f3xima semana para seguir avanzando en el dise\u00f1o de soluciones y la adquisici\u00f3n de m\u00e1s herramientas necesarias para el desarrollo de los emprendimientos. \u201cNuestra premisa es trabajar espalda con espalda, estamos convencidos que con esfuerzo y trabajo saldremos adelante\u201d, asever\u00f3 Zdero.<\/p>\n\n\n\n<p>Durante la reuni\u00f3n, estuvo presente el ministro de la Producci\u00f3n, Hern\u00e1n Halavacs, quien asegur\u00f3 que de forma conjunta se buscan distintas alternativas a los inconvenientes que atraviesa el sector productivo con las sequ\u00edas que, desde hace 4 a\u00f1os, afecta a la producci\u00f3n. \u201cEstamos en un contexto nacional muy dif\u00edcil y complejo por lo que es prioridad trabajar de forma ordenada para dise\u00f1ar soluciones\u201d, dijo y asegur\u00f3 que las puertas del Ministerio de Producci\u00f3n est\u00e1n abiertas para que \u201centre todos construyamos un Chaco m\u00e1s justo\u201d.<\/p>\n\n\n\n<p>Acompa\u00f1aron tambi\u00e9n al gobernador, en esta reuni\u00f3n, la subsecretaria de Municipio, Gabriela Galarza; el presidente del Instituto de Investigaciones Forestales y Agropecuarias, Carlos Favar\u00f3n; el intendente local Sergio Dolce; de Laguna Limpia, Juan de la Cruz Riquelme; la diputada provincial Zulma Kaenel; funcionarios provinciales, municipales, instituciones, productores y vecinos de la zona.<\/p>\n","protected":false},"excerpt":{"rendered":"<p>La pr\u00f3xima semana volver\u00e1n a reunirse para avanzar en la adquisici\u00f3n de m\u00e1s herramientas, para el desarrollo del sector productivo que apuntan al fortalecimiento de las cadenas agr\u00edcolas y ganaderas. En una intensa agenda realizada hoy en Las Garcitas, el gobernador Leandro Zdero, luego de reunirse con varias instituciones educativas de la localidad, atendi\u00f3 tambi\u00e9n [&hellip;]<\/p>\n","protected":false},"author":2,"featured_media":927,"comment_status":"open","ping_status":"open","sticky":false,"template":"","format":"standard","meta":{"footnotes":""},"categories":[28],"tags":[],"class_list":{"0":"post-926","1":"post","2":"type-post","3":"status-publish","4":"format-standard","5":"has-post-thumbnail","7":"category-locales"},"aioseo_notices":[],"_links":{"self":[{"href":"https:\/\/lalupa24.com.ar\/index.php\/wp-json\/wp\/v2\/posts\/926","targetHints":{"allow":["GET"]}}],"collection":[{"href":"https:\/\/lalupa24.com.ar\/index.php\/wp-json\/wp\/v2\/posts"}],"about":[{"href":"https:\/\/lalupa24.com.ar\/index.php\/wp-json\/wp\/v2\/types\/post"}],"author":[{"embeddable":true,"href":"https:\/\/lalupa24.com.ar\/index.php\/wp-json\/wp\/v2\/users\/2"}],"replies":[{"embeddable":true,"href":"https:\/\/lalupa24.com.ar\/index.php\/wp-json\/wp\/v2\/comments?post=926"}],"version-history":[{"count":1,"href":"https:\/\/lalupa24.com.ar\/index.php\/wp-json\/wp\/v2\/posts\/926\/revisions"}],"predecessor-version":[{"id":928,"href":"https:\/\/lalupa24.com.ar\/index.php\/wp-json\/wp\/v2\/posts\/926\/revisions\/928"}],"wp:featuredmedia":[{"embeddable":true,"href":"https:\/\/lalupa24.com.ar\/index.php\/wp-json\/wp\/v2\/media\/927"}],"wp:attachment":[{"href":"https:\/\/lalupa24.com.ar\/index.php\/wp-json\/wp\/v2\/media?parent=926"}],"wp:term":[{"taxonomy":"category","embeddable":true,"href":"https:\/\/lalupa24.com.ar\/index.php\/wp-json\/wp\/v2\/categories?post=926"},{"taxonomy":"post_tag","embeddable":true,"href":"https:\/\/lalupa24.com.ar\/index.php\/wp-json\/wp\/v2\/tags?post=926"}],"curies":[{"name":"wp","href":"https:\/\/api.w.org\/{rel}","templated":true}]}}