{"id":929,"date":"2024-04-06T13:21:35","date_gmt":"2024-04-06T16:21:35","guid":{"rendered":"https:\/\/lalupa24.com.ar\/?p=929"},"modified":"2024-04-22T13:23:17","modified_gmt":"2024-04-22T16:23:17","slug":"la-vision-de-provincia-que-tenemos-es-la-de-acompanar-siempre-al-campo-dijo-el-gobernador-en-margarita-belen","status":"publish","type":"post","link":"https:\/\/lalupa24.com.ar\/index.php\/2024\/04\/06\/la-vision-de-provincia-que-tenemos-es-la-de-acompanar-siempre-al-campo-dijo-el-gobernador-en-margarita-belen\/","title":{"rendered":"\u201dLa visi\u00f3n de provincia que tenemos es la de acompa\u00f1ar siempre al campo\u201d dijo el gobernador, en Margarita Bel\u00e9n"},"content":{"rendered":"\n<p>El gobernador Leandro Zdero estuvo anoche en la Sociedad Rural de Margarita Bel\u00e9n, junto a los ministros de la Producci\u00f3n Hern\u00e1n Halavacs y Alejandro Abraam, de Hacienda y Finanzas, reunido con productores de la zona. El mandatario provincial fue recibido por Marcos Pastori, presidente de la Sociedad Rural del Chaco, y su Comisi\u00f3n Directiva donde abordaron temas vinculados al sector agropecuario y ganadero. \u201cNuestra visi\u00f3n de provincia es apoyar siempre al campo, al que produce, al que trabaja, al que ayuda al crecimiento y al desarrollo de nuestra provincia y, en este caso, en contacto con el sector ganadero. Claramente la Sociedad Rural del Chaco en este nuevo predio tambi\u00e9n est\u00e1 dando avances importantes y con un estado presente, donde seguimos llevando adelante pol\u00edticas, herramientas y conectividad que beneficien al sector\u201d- se\u00f1al\u00f3 Zdero.<\/p>\n\n\n\n<p>En el marco de esta reuni\u00f3n, Pastori, de la Sociedad Rural, manifest\u00f3 su agradecimiento por la presencia del gobernador en la localidad de Margarita Bel\u00e9n: \u201cAgradecerle al Gobernador y a todos sus funcionarios porque realmente no solamente en su momento nos hab\u00eda dicho cuando asumieron que iban a apoyar al sector, al campo, a toda la actividad agropecuaria, sino que lo est\u00e1n demostrando con acciones y programas que van llegando a los productores. Para nosotros es realmente un impulso y nos da tranquilidad para poder trabajar mancomunadamente, mirando siempre para adelante para el futuro y realmente como estaban hoy todos, la comisi\u00f3n directiva y muchos productores que son socios de la instituci\u00f3n, se van con respuestas realmente satisfactorias porque es lo que buscamos\u201d.&nbsp;<\/p>\n\n\n\n<p>Por \u00faltimo, el ministro de la Producci\u00f3n y el Desarrollo Econ\u00f3mico Sostenible, Hern\u00e1n Halavacs, expres\u00f3: \u201cMuy contentos, de estar ac\u00e1 en la Sociedad Rural, en Margarita Bel\u00e9n, con temas que ya se ven\u00edan tratando y algunos temas para el futuro, para seguir trabajando en forma conjunta, como nos pide el gobernador y como lo venimos haciendo hasta ahora; planificando para los meses que vienen en los diferentes eventos importantes que los sectores quieren realizar y nosotros acompa\u00f1ando desde el lugar que estamos\u201d.<\/p>\n","protected":false},"excerpt":{"rendered":"<p>El gobernador Leandro Zdero estuvo anoche en la Sociedad Rural de Margarita Bel\u00e9n, junto a los ministros de la Producci\u00f3n Hern\u00e1n Halavacs y Alejandro Abraam, de Hacienda y Finanzas, reunido con productores de la zona. El mandatario provincial fue recibido por Marcos Pastori, presidente de la Sociedad Rural del Chaco, y su Comisi\u00f3n Directiva donde [&hellip;]<\/p>\n","protected":false},"author":2,"featured_media":930,"comment_status":"open","ping_status":"open","sticky":false,"template":"","format":"standard","meta":{"footnotes":""},"categories":[27],"tags":[],"class_list":{"0":"post-929","1":"post","2":"type-post","3":"status-publish","4":"format-standard","5":"has-post-thumbnail","7":"category-interior"},"aioseo_notices":[],"_links":{"self":[{"href":"https:\/\/lalupa24.com.ar\/index.php\/wp-json\/wp\/v2\/posts\/929","targetHints":{"allow":["GET"]}}],"collection":[{"href":"https:\/\/lalupa24.com.ar\/index.php\/wp-json\/wp\/v2\/posts"}],"about":[{"href":"https:\/\/lalupa24.com.ar\/index.php\/wp-json\/wp\/v2\/types\/post"}],"author":[{"embeddable":true,"href":"https:\/\/lalupa24.com.ar\/index.php\/wp-json\/wp\/v2\/users\/2"}],"replies":[{"embeddable":true,"href":"https:\/\/lalupa24.com.ar\/index.php\/wp-json\/wp\/v2\/comments?post=929"}],"version-history":[{"count":1,"href":"https:\/\/lalupa24.com.ar\/index.php\/wp-json\/wp\/v2\/posts\/929\/revisions"}],"predecessor-version":[{"id":931,"href":"https:\/\/lalupa24.com.ar\/index.php\/wp-json\/wp\/v2\/posts\/929\/revisions\/931"}],"wp:featuredmedia":[{"embeddable":true,"href":"https:\/\/lalupa24.com.ar\/index.php\/wp-json\/wp\/v2\/media\/930"}],"wp:attachment":[{"href":"https:\/\/lalupa24.com.ar\/index.php\/wp-json\/wp\/v2\/media?parent=929"}],"wp:term":[{"taxonomy":"category","embeddable":true,"href":"https:\/\/lalupa24.com.ar\/index.php\/wp-json\/wp\/v2\/categories?post=929"},{"taxonomy":"post_tag","embeddable":true,"href":"https:\/\/lalupa24.com.ar\/index.php\/wp-json\/wp\/v2\/tags?post=929"}],"curies":[{"name":"wp","href":"https:\/\/api.w.org\/{rel}","templated":true}]}}