{"id":939,"date":"2024-04-23T01:05:00","date_gmt":"2024-04-23T04:05:00","guid":{"rendered":"https:\/\/lalupa24.com.ar\/?p=939"},"modified":"2024-04-23T00:03:24","modified_gmt":"2024-04-23T03:03:24","slug":"la-marcha-universitaria-abre-una-pelea-central-sobre-el-ajuste","status":"publish","type":"post","link":"https:\/\/lalupa24.com.ar\/index.php\/2024\/04\/23\/la-marcha-universitaria-abre-una-pelea-central-sobre-el-ajuste\/","title":{"rendered":"La marcha universitaria abre una pelea central sobre el ajuste"},"content":{"rendered":"\n<p>La marcha universitaria de hoy martes que se concentrar\u00e1 en Plaza de Mayo promete ser masiva y presentar un foco de resistencia al plan de ajuste del presidente Javier Milei incluso m\u00e1s fuerte que el que intentan representar los sindicatos y la oposici\u00f3n en el Congreso, al poner en el centro de la escena el financiamiento de la educaci\u00f3n superior p\u00fablica.<\/p>\n\n\n\n<p>La existencia de la universidad p\u00fablica es casi un emblema de la Argentina y una de las pocas cosas que cosecha un apoyo transversal entre distintos espacios pol\u00edticos a los que Milei enfrenta con mayor o menor intensidad. El recorte presupuestario que ejecut\u00f3 el Gobierno y que ahora intenta compensar con un aumento del 140% -todav\u00eda en negociaci\u00f3n- toc\u00f3 ese nervio.<\/p>\n\n\n\n<p>El Presidente incluy\u00f3 a la universidad p\u00fablica en el ajuste fiscal que defiende a capa y espada como \u00fanico m\u00e9todo para solucionar los acuciantes problemas econ\u00f3micos del pa\u00eds, incluso apelando a la cadena nacional para ello. En ese sentido, la movilizaci\u00f3n convocada por autoridades, profesores, estudiantes y profesionales graduados es un desaf\u00edo concreto a la pol\u00edtica central del mandatario.<\/p>\n\n\n\n<p>C\u00f3mo ser\u00e1 la marcha universitaria<\/p>\n\n\n\n<p>La UBA se puso al frente de la movilizaci\u00f3n por su importancia a nivel nacional y su proyecci\u00f3n internacional en materia de educaci\u00f3n. &#8220;Creen que estamos dormidos. Que miramos para otro lado. Que las diferencias nos debilitan. L\u00e1stima. Porque aceptar al que piensa distinto es lo que nos hace \u00fanicos. Cuidemos los que nos une&#8221;, se\u00f1al\u00f3 la convocatoria a trav\u00e9s de las redes sociales.<\/p>\n\n\n\n<p>Se prev\u00e9 que la marcha universitaria a Plaza de Mayo sea muy grande y el Gobierno pone el foco en la &#8220;motivaci\u00f3n pol\u00edtica&#8221;&nbsp;<\/p>\n\n\n\n<p>Mediante el uso del hashtag #YoVoy, la UBA reforz\u00f3 la convocatoria para concentrarse en el Congreso a las 15:30 y marchar desde all\u00ed a la Plaza de Mayo donde, a las 18:00, se leer\u00e1 un comunicado consensuado entre las distintas universidades nacionales.<\/p>\n\n\n\n<p>Adem\u00e1s de estudiantes, autoridades y miles de graduados -entre los que seguramente habr\u00e1 figuras reconocidas o famosas- de la marcha participar\u00e1n actores pol\u00edticos de peso como la CGT, las dos CTA, dirigentes de la UCR, el gobernador de la provincia de Buenos Aires, Axel Kicillof, y hasta el ex ministro de Econom\u00eda y ex candidato presidencial de Uni\u00f3n por la Patria, Sergio Massa.<\/p>\n\n\n\n<p>Esa lista de presencias que se fueron confirmando con el correr de los d\u00edas muestra la expectativa que hay en la oposici\u00f3n de que la convocatoria de las universidades sea superior a la de cualquiera de esos espacios pol\u00edticos, incluso a la movilizaci\u00f3n que realiz\u00f3 la CGT el 24 de enero pasado, en su primer paro general contra el gobierno de Milei.<\/p>\n\n\n\n<p>&#8220;El Gobierno, como todo gobierno liberal valora la educaci\u00f3n publica, laica y federal, y lo cierto es que esa educaci\u00f3n p\u00fablica fue la que nos hizo ser un faro educativo en Am\u00e9rica. Lejos estamos de querer permitir que este tipo de lugares como son las universidades sean usadas por los pol\u00edticos de turno para beneficio propio&#8221;, afirm\u00f3 el lunes el vocero presidencial Manuel Adorni.<\/p>\n\n\n\n<p>De esta manera, el gobierno de Milei intenta no ir al choque frontal de la universidad p\u00fablica como emblema, consiente de que la movilizaci\u00f3n puede ser la m\u00e1s grande que le haya tocado ver, pero s\u00ed presentarla como una herramienta de la &#8220;casta pol\u00edtica&#8221; contra la cual trata de direccionar a la opini\u00f3n p\u00fablica. La presencia de dirigentes partidarios en la marcha le es \u00fatil en ese sentido.<\/p>\n\n\n\n<p>Esta estrategia no est\u00e1 desconectada de la bandera del ajuste fiscal sin contemplaciones que sostiene Milei y que, con inocultable &#8220;timing&#8221;, lo motiv\u00f3 a brindar un mensaje por cadena nacional horas antes de la movilizaci\u00f3n para exaltar el super\u00e1vit fiscal que esa pol\u00edtica, a la que las universidades tratan de ponerle un l\u00edmite, le permiti\u00f3 alcanzar en el primer trimestre.<\/p>\n\n\n\n<p>Los focos de tensi\u00f3n: auditor\u00eda y operativo antipiquetes<\/p>\n\n\n\n<p>En ese contexto el Gobierno pone en juego otros dos elementos que generan tensi\u00f3n, uno sobre la pelea de fondo y otro sobre la movilizaci\u00f3n misma: la posibilidad de auditar los fondos que la Naci\u00f3n le gira a las universidades y la aplicaci\u00f3n del protocolo antipiquetes para evitar los cortes de calles.<\/p>\n\n\n\n<p>El subsecretario de Pol\u00edtica Universitarias de la Naci\u00f3n, Alejandro \u00c1lvarez, advirti\u00f3 que &#8220;hagan lo que hagan, por lo menos mientras Javier Milei sea presidente, el dinero de la gente que va a las universidades se va a auditar&#8221; porque &#8220;la fiscalizaci\u00f3n del gasto en las universidades esta en la ley de Educaci\u00f3n Superior&#8221;. El jefe de Estado hizo propio este mensaje en la red social X.<\/p>\n\n\n\n<p>Mientras el oficialismo intenta generar apoyo a esta iniciativa a trav\u00e9s de las redes -su campo de acci\u00f3n predilecto- las universidades, con la UBA a la cabeza, la rechazan con el argumento de que este control sobre el presupuesto y los gastos ya lo llevan a cabo la Sindicatura General de la Naci\u00f3n (SIGEN) y la Auditor\u00eda General (AGN).<\/p>\n\n\n\n<p>El acuerdo que no fue y los alcances pol\u00edticos de la marcha<\/p>\n\n\n\n<p>El Gobierno anunci\u00f3 d\u00edas atr\u00e1s una &#8220;propuesta consensuada con el Consejo Interuniversitario Nacional&#8221; respecto a la situaci\u00f3n presupuestaria de las universidades p\u00fablicas. El ministro de Capital Humano que encabeza Sandra Petovello dispuso un aumento del 70% en marzo que llevar\u00eda la asignaci\u00f3n por gastos de funcionamiento a $10.075 millones mensuales.<\/p>\n\n\n\n<p>En ese esquema anunci\u00f3 otro 70% para mayo, con lo que alcanzar\u00eda los $14.224 millones mensuales, lo que dar\u00eda un 140% de aumento sobre la asignaci\u00f3n base de $5.926 millones, adem\u00e1s de una partida extraordinaria para los hospitales universitarios por una suma de $14.403 millones.<\/p>\n\n\n\n<p>El Ejecutivo hab\u00eda presentado esto como un &#8220;acuerdo&#8221;, pero la UBA lo desminti\u00f3. Las autoridades indicaron que se hab\u00eda tratado apenas de un &#8220;ofrecimiento&#8221; y que esa asignaci\u00f3n de recursos es &#8220;insuficiente&#8221;.<\/p>\n","protected":false},"excerpt":{"rendered":"<p>La marcha universitaria de hoy martes que se concentrar\u00e1 en Plaza de Mayo promete ser masiva y presentar un foco de resistencia al plan de ajuste del presidente Javier Milei incluso m\u00e1s fuerte que el que intentan representar los sindicatos y la oposici\u00f3n en el Congreso, al poner en el centro de la escena el [&hellip;]<\/p>\n","protected":false},"author":2,"featured_media":940,"comment_status":"open","ping_status":"open","sticky":false,"template":"","format":"standard","meta":{"footnotes":""},"categories":[28],"tags":[],"class_list":{"0":"post-939","1":"post","2":"type-post","3":"status-publish","4":"format-standard","5":"has-post-thumbnail","7":"category-locales"},"aioseo_notices":[],"_links":{"self":[{"href":"https:\/\/lalupa24.com.ar\/index.php\/wp-json\/wp\/v2\/posts\/939","targetHints":{"allow":["GET"]}}],"collection":[{"href":"https:\/\/lalupa24.com.ar\/index.php\/wp-json\/wp\/v2\/posts"}],"about":[{"href":"https:\/\/lalupa24.com.ar\/index.php\/wp-json\/wp\/v2\/types\/post"}],"author":[{"embeddable":true,"href":"https:\/\/lalupa24.com.ar\/index.php\/wp-json\/wp\/v2\/users\/2"}],"replies":[{"embeddable":true,"href":"https:\/\/lalupa24.com.ar\/index.php\/wp-json\/wp\/v2\/comments?post=939"}],"version-history":[{"count":1,"href":"https:\/\/lalupa24.com.ar\/index.php\/wp-json\/wp\/v2\/posts\/939\/revisions"}],"predecessor-version":[{"id":941,"href":"https:\/\/lalupa24.com.ar\/index.php\/wp-json\/wp\/v2\/posts\/939\/revisions\/941"}],"wp:featuredmedia":[{"embeddable":true,"href":"https:\/\/lalupa24.com.ar\/index.php\/wp-json\/wp\/v2\/media\/940"}],"wp:attachment":[{"href":"https:\/\/lalupa24.com.ar\/index.php\/wp-json\/wp\/v2\/media?parent=939"}],"wp:term":[{"taxonomy":"category","embeddable":true,"href":"https:\/\/lalupa24.com.ar\/index.php\/wp-json\/wp\/v2\/categories?post=939"},{"taxonomy":"post_tag","embeddable":true,"href":"https:\/\/lalupa24.com.ar\/index.php\/wp-json\/wp\/v2\/tags?post=939"}],"curies":[{"name":"wp","href":"https:\/\/api.w.org\/{rel}","templated":true}]}}